{"id":3976,"date":"2025-05-30T20:32:59","date_gmt":"2025-05-30T20:32:59","guid":{"rendered":"https:\/\/jairolibreros.com\/?p=3976"},"modified":"2025-09-18T01:01:07","modified_gmt":"2025-09-18T01:01:07","slug":"el-gobierno-petro-perdio-la-gobernabilidad-en-el-congreso-y-tambien-en-las-calles","status":"publish","type":"post","link":"https:\/\/jairolibreros.com\/?p=3976","title":{"rendered":"La Casa de Nari\u00f1o perdi\u00f3 la gobernabilidad en el Congreso y tambi\u00e9n en las calles"},"content":{"rendered":"<p><span style=\"font-family: tahoma, arial, helvetica, sans-serif; font-size: 14pt;\"><strong>La Casa de Nari\u00f1o perdi\u00f3 la gobernabilidad en el Congreso y tambi\u00e9n en las calles<\/strong><\/span><\/p>\n<p><span style=\"font-family: tahoma, arial, helvetica, sans-serif; font-size: 14pt;\"><em>Caracol Radio \u2022 10AM \u2022 Juli\u00e1n Urbina y Juan Manuel Correa \u2022 30.05.2025<\/em><\/span><\/p>\n<!--[if lt IE 9]><script>document.createElement('audio');<\/script><![endif]-->\n<audio class=\"wp-audio-shortcode\" id=\"audio-3976-1\" preload=\"none\" style=\"width: 100%;\" controls=\"controls\"><source type=\"audio\/mpeg\" src=\"https:\/\/jairolibreros.com\/wp-content\/uploads\/2025\/05\/Jairo-Libreros.-10AM.-Caracol-Radio.-Gobernabilidad-de-Petro.-30.05.2025.mp3?_=1\" \/><a href=\"https:\/\/jairolibreros.com\/wp-content\/uploads\/2025\/05\/Jairo-Libreros.-10AM.-Caracol-Radio.-Gobernabilidad-de-Petro.-30.05.2025.mp3\">https:\/\/jairolibreros.com\/wp-content\/uploads\/2025\/05\/Jairo-Libreros.-10AM.-Caracol-Radio.-Gobernabilidad-de-Petro.-30.05.2025.mp3<\/a><\/audio>\n<p>&nbsp;<\/p>\n<p class=\"p1\"><span class=\"s1\" style=\"font-family: tahoma, arial, helvetica, sans-serif; font-size: 14pt;\">El <strong>analista Jairo Libreros<\/strong> advierte sobre la p\u00e9rdida de gobernabilidad del gobierno Petro, el desgaste del pulso con el Congreso y la incertidumbre electoral en todos los sectores pol\u00edticos de cara a las presidenciales de 2026<\/span><\/p>\n<p><span style=\"font-family: tahoma, arial, helvetica, sans-serif; font-size: 14pt;\">En entrevista con <b>10AM Hoy por Hoy<\/b> de Caracol Radio, el analista pol\u00edtico <b>Jairo Libreros<\/b> hizo un agudo diagn\u00f3stico del complejo momento pol\u00edtico que vive Colombia. A tan solo un a\u00f1o de las elecciones presidenciales, <strong>Libreros<\/strong> afirm\u00f3 que el <b>gobierno de Gustavo Petro<\/b>enfrenta una grave p\u00e9rdida de <b>gobernabilidad<\/b>, tanto en su relaci\u00f3n con el Congreso como en su capacidad de movilizaci\u00f3n social.<\/span><\/p>\n<p><span style=\"font-family: tahoma, arial, helvetica, sans-serif; font-size: 14pt;\">El punto de partida de esta crisis institucional, seg\u00fan Libreros, es el deterioro del di\u00e1logo entre el <b>Ejecutivo y el Legislativo<\/b>, agudizado por la fallida reforma laboral y el debate en torno a una posible <b>consulta popular<\/b>. Para el analista, el Congreso ha logrado sacar provecho de la crisis, bloqueando las principales apuestas <a title=\"https:\/\/caracol.com.co\/2025\/05\/30\/bancolombia-cierra-una-de-sus-plataformas-mas-importantes-que-pasara-con-el-dinero\/\" href=\"https:\/\/caracol.com.co\/2025\/05\/30\/bancolombia-cierra-una-de-sus-plataformas-mas-importantes-que-pasara-con-el-dinero\/\" target=\"_blank\" rel=\"noopener noreferrer\"><b>legislativas del Gobierno.<\/b><\/a><\/span><\/p>\n<p class=\"p1\"><span style=\"font-family: tahoma, arial, helvetica, sans-serif; font-size: 14pt;\"><span class=\"s1\">\u201cLa administraci\u00f3n Petro ha perdido gobernabilidad, especialmente en el Congreso, donde no logra consolidar <\/span><span class=\"s2\">apoyos duraderos entre los partidos\u201d,<\/span><span class=\"s1\"> sentenci\u00f3.<\/span><\/span><\/p>\n<p class=\"p1\"><span style=\"font-family: tahoma, arial, helvetica, sans-serif; font-size: 14pt;\"><span class=\"s1\">Pero el panorama es a\u00fan m\u00e1s delicado. <strong>Libreros<\/strong> explic\u00f3 que, ante la p\u00e9rdida de control en el Legislativo, el Ejecutivo intent\u00f3 trasladar la disputa pol\u00edtica a las calles, apelando a la movilizaci\u00f3n social. Sin embargo, el escaso eco <\/span><span class=\"s2\">del reciente paro nacional<\/span><span class=\"s1\">, al que calific\u00f3 de \u201cl\u00e1nguido\u201d, evidencia que ese plan tambi\u00e9n ha fracasado.<\/span><\/span><\/p>\n<p class=\"p1\"><span style=\"font-family: tahoma, arial, helvetica, sans-serif; font-size: 14pt;\"><span class=\"s1\">\u201cEl Gobierno pierde tambi\u00e9n en las calles. Lo que vimos esta semana demuestra que ya no hay capacidad <\/span><span class=\"s2\">de presi\u00f3n popular como la que se vio en otros momentos\u201d, afirm\u00f3.<\/span><\/span><\/p>\n<p class=\"p1\"><span style=\"font-family: tahoma, arial, helvetica, sans-serif; font-size: 14pt;\"><strong><span class=\"s2\">La consulta popular: \u00bfestrategia electoral o cortina de humo?<\/span><\/strong><\/span><\/p>\n<p class=\"p1\"><span style=\"font-family: tahoma, arial, helvetica, sans-serif; font-size: 14pt;\"><span class=\"s1\">Uno de los temas m\u00e1s \u00e1lgidos es la insistencia del gobierno Petro en impulsar una <\/span><span class=\"s2\">consulta popular<\/span><span class=\"s1\">, supuestamente orientada a avanzar en reformas sociales. Para <strong>Libreros<\/strong>, sin embargo, el objetivo real es otro: \u201cNo se trata de avanzar en la agenda social, sino de posicionar al Pacto Hist\u00f3rico de cara a las elecciones. Seg\u00fan informaci\u00f3n interna, el Gobierno cree que podr\u00eda sacar entre seis y siete millones de<a href=\"https:\/\/caracol.com.co\/2025\/05\/29\/retencion-en-la-fuente-2026-cambia-con-decreto-0572-a-quien-afecta-analisis-y-explicacion\/\"><span class=\"s2\">votos en esa consulta, lo que lo catapultar\u00eda hacia la segunda vuelta presidencial\u201d.<\/span><\/a><\/span><\/span><\/p>\n<p class=\"p1\"><span style=\"font-family: tahoma, arial, helvetica, sans-serif; font-size: 14pt;\"><span class=\"s1\"><strong>Libreros<\/strong> advierte que esa estrategia podr\u00eda generar un enfrentamiento institucional sin precedentes si el Gobierno intenta convocar la consulta por decreto. \u201cSer\u00eda un error muy costoso. Implicar\u00eda pasar por encima del Estado de Derecho y provocar\u00eda un choque directo con <\/span><span class=\"s2\">la Corte Constitucional\u201d,<\/span><span class=\"s1\"> advirti\u00f3, recordando que el alto tribunal ya ha activado mecanismos para suspender leyes cuando se tramitan irregularmente.<\/span><\/span><\/p>\n<p class=\"p3\"><span style=\"font-family: tahoma, arial, helvetica, sans-serif; font-size: 14pt;\"><strong><span class=\"s3\">Oposici\u00f3n y elecciones: \u00bfun tablero a\u00fan sin forma?<\/span><\/strong><\/span><\/p>\n<p class=\"p1\"><span style=\"font-family: tahoma, arial, helvetica, sans-serif; font-size: 14pt;\"><span class=\"s1\">Consultado sobre la <\/span><span class=\"s2\">fortaleza de la oposici\u00f3n<\/span><span class=\"s1\">, <b>Libreros<\/b> considera que a\u00fan es temprano para hacer afirmaciones tajantes. \u201cNo veo que se haya fortalecido. Muchas de las figuras con posibilidad de crecer pol\u00edticamente est\u00e1n por fuera de los partidos tradicionales. <a href=\"https:\/\/caracol.com.co\/2025\/05\/28\/cual-es-el-descuento-maximo-en-salud-para-pensionados-en-2025-asi-queda-a-partir-de-julio\/\"><span class=\"s2\">Todav\u00eda no hay candidaturas consolidadas\u201d.<\/span><\/a><\/span><\/span><\/p>\n<p class=\"p1\"><span style=\"font-family: tahoma, arial, helvetica, sans-serif; font-size: 14pt;\"><span class=\"s1\">Sobre el <\/span><span class=\"s2\">Pacto Hist\u00f3rico<\/span><span class=\"s1\">, asegur\u00f3 que enfrenta su prueba m\u00e1s dif\u00edcil: definir un candidato sin caer en pr\u00e1cticas como el \u201cdedazo\u201d, que recuerda los tiempos del PRI mexicano. Aunque el senador <\/span><span class=\"s2\">Gustavo Bol\u00edvar aparece como favorito en las encuestas,<\/span><span class=\"s1\"> sectores del Pacto creen que no tiene fuerza suficiente para ganar en una segunda vuelta frente a una alianza de centro o derecha.<\/span><\/span><\/p>\n<p class=\"p1\"><span style=\"font-family: tahoma, arial, helvetica, sans-serif; font-size: 14pt;\"><span class=\"s1\">Por eso, seg\u00fan <b>Libreros<\/b>, surge con fuerza el nombre del exalcalde <\/span><span class=\"s2\">Daniel Quintero<\/span><span class=\"s1\">, quien \u201cpodr\u00eda representar una candidatura disruptiva, similar a la de Petro en 2018\u201d.<\/span><\/span><\/p>\n<p class=\"p3\"><span class=\"s3\" style=\"font-family: tahoma, arial, helvetica, sans-serif; font-size: 14pt;\"><b>La derecha y el centro: un rompecabezas a\u00fan sin armar<\/b><\/span><\/p>\n<p class=\"p1\"><span style=\"font-family: tahoma, arial, helvetica, sans-serif; font-size: 14pt;\"><span class=\"s1\">En el an\u00e1lisis del <\/span><span class=\"s2\">centro pol\u00edtico<\/span><span class=\"s1\">, <b>Libreros<\/b> subraya la importancia del partido <\/span><span class=\"s2\">Alianza Verde<\/span><span class=\"s1\">, al que considera el verdadero \u201cpartido bisagra\u201d. Sin embargo, lamenta que actualmente est\u00e9 \u201cac\u00e9falo\u201d tras las salidas de figuras clave como Claudia L\u00f3pez y Carlos Amaya. <a href=\"https:\/\/caracol.com.co\/2025\/05\/30\/nueva-variante-de-covid-reportan-aumento-de-casos-mientras-oms-inicia-su-monitoreo-a-nivel-mundial\/\"><span class=\"s2\">\u201cEs una franquicia sin due\u00f1o<\/span><\/a>, pero sigue siendo apetecible por su caudal electoral\u201d, advirti\u00f3.<\/span><\/span><\/p>\n<p class=\"p1\"><span style=\"font-family: tahoma, arial, helvetica, sans-serif; font-size: 14pt;\"><span class=\"s1\">Sobre la derecha, fue directo: \u201cEst\u00e1 desenredada. La consulta interna del Centro Democr\u00e1tico no emociona ni siquiera a sus militantes\u201d. En su opini\u00f3n, el camino m\u00e1s probable es que el candidato que resulte de esa consulta busque una alianza con figuras como <\/span><span class=\"s2\">Vicky D\u00e1vila<\/span><span class=\"s1\"> o <\/span><span class=\"s2\">Germ\u00e1n Vargas Lleras<\/span><span class=\"s1\">, si este \u00faltimo confirma su candidatura.<\/span><\/span><\/p>\n<p class=\"p3\"><span class=\"s3\" style=\"font-family: tahoma, arial, helvetica, sans-serif; font-size: 14pt;\"><b>El \u00faltimo a\u00f1o de Petro: apostar todo a las calles<\/b><\/span><\/p>\n<p class=\"p1\"><span style=\"font-family: tahoma, arial, helvetica, sans-serif; font-size: 14pt;\"><span class=\"s1\">Finalmente, al referirse al \u00faltimo a\u00f1o de mandato de Petro, <b>Libreros<\/b> fue claro: <\/span><span class=\"s2\">\u201cEl Gobierno va a jugarse todo en las calles.<\/span><span class=\"s1\"> Sabe que, si logra posicionar un candidato en segunda vuelta, ese candidato puede convertirse en presidente. Pero para eso necesita movilizaci\u00f3n social,<a href=\"https:\/\/caracol.com.co\/2025\/05\/29\/los-miembros-de-la-junta-van-a-salir-en-desbandada-porque-en-ecopetrol-estan-pasando-cosas-muy-oscur\/\"><span class=\"s2\"> y lo que vimos esta semana no es un buen augurio\u201d.<\/span><\/a><\/span><\/span><\/p>\n<p><span style=\"font-family: tahoma, arial, helvetica, sans-serif; font-size: 14pt;\">El link de 10AM de Caracol Radio es el siguiente:<\/span><\/p>\n<p><span style=\"font-family: tahoma, arial, helvetica, sans-serif; font-size: 14pt;\"><span style=\"text-decoration: underline;\"><a href=\"https:\/\/caracol.com.co\/2025\/05\/30\/el-gobierno-petro-perdio-gobernabilidad-en-el-congreso-y-tambien-en-las-calles-jaime-libreros\/#\">https:\/\/caracol.com.co\/2025\/05\/30\/el-gobierno-petro-perdio-gobernabilidad-en-el-congreso-y-tambien-en-las-calles-jaime-libreros\/#<\/a><\/span>\u00a0<\/span><\/p>\n<p style=\"text-align: right;\"><span style=\"font-family: tahoma, arial, helvetica, sans-serif;\"><a href=\"https:\/\/jairolibreros.com\/\"><strong><span style=\"text-decoration: underline;\"><span style=\"font-size: 14pt; font-family: tahoma, arial, helvetica, sans-serif;\">Blog de Jairo Libreros<\/span><\/span><\/strong><\/a><\/span><\/p>\n","protected":false},"excerpt":{"rendered":"<p>La Casa de Nari\u00f1o perdi\u00f3 la gobernabilidad en el Congreso y tambi\u00e9n en las calles Caracol Radio \u2022 10AM \u2022 Juli\u00e1n Urbina y <\/p>\n","protected":false},"author":1,"featured_media":3981,"comment_status":"open","ping_status":"open","sticky":false,"template":"","format":"standard","meta":{"om_disable_all_campaigns":false,"_monsterinsights_skip_tracking":false,"_monsterinsights_sitenote_active":false,"_monsterinsights_sitenote_note":"","_monsterinsights_sitenote_category":0,"footnotes":""},"categories":[94,1],"tags":[44,54,37],"aioseo_notices":[],"class_list":["post-3976","post","type-post","status-publish","format-standard","has-post-thumbnail","hentry","category-caracol-radio","category-jairo-libreros","tag-elecciones","tag-comunicacion-politica","tag-movilizacion-social"],"_links":{"self":[{"href":"https:\/\/jairolibreros.com\/index.php?rest_route=\/wp\/v2\/posts\/3976"}],"collection":[{"href":"https:\/\/jairolibreros.com\/index.php?rest_route=\/wp\/v2\/posts"}],"about":[{"href":"https:\/\/jairolibreros.com\/index.php?rest_route=\/wp\/v2\/types\/post"}],"author":[{"embeddable":true,"href":"https:\/\/jairolibreros.com\/index.php?rest_route=\/wp\/v2\/users\/1"}],"replies":[{"embeddable":true,"href":"https:\/\/jairolibreros.com\/index.php?rest_route=%2Fwp%2Fv2%2Fcomments&post=3976"}],"version-history":[{"count":6,"href":"https:\/\/jairolibreros.com\/index.php?rest_route=\/wp\/v2\/posts\/3976\/revisions"}],"predecessor-version":[{"id":4624,"href":"https:\/\/jairolibreros.com\/index.php?rest_route=\/wp\/v2\/posts\/3976\/revisions\/4624"}],"wp:featuredmedia":[{"embeddable":true,"href":"https:\/\/jairolibreros.com\/index.php?rest_route=\/wp\/v2\/media\/3981"}],"wp:attachment":[{"href":"https:\/\/jairolibreros.com\/index.php?rest_route=%2Fwp%2Fv2%2Fmedia&parent=3976"}],"wp:term":[{"taxonomy":"category","embeddable":true,"href":"https:\/\/jairolibreros.com\/index.php?rest_route=%2Fwp%2Fv2%2Fcategories&post=3976"},{"taxonomy":"post_tag","embeddable":true,"href":"https:\/\/jairolibreros.com\/index.php?rest_route=%2Fwp%2Fv2%2Ftags&post=3976"}],"curies":[{"name":"wp","href":"https:\/\/api.w.org\/{rel}","templated":true}]}}