{"id":4013,"date":"2025-06-09T22:54:15","date_gmt":"2025-06-09T22:54:15","guid":{"rendered":"https:\/\/jairolibreros.com\/?p=4013"},"modified":"2025-09-18T01:01:50","modified_gmt":"2025-09-18T01:01:50","slug":"miguel-uribe-avances-de-la-investigacion-y-el-reporte-sobre-su-salud","status":"publish","type":"post","link":"https:\/\/jairolibreros.com\/?p=4013","title":{"rendered":"Miguel Uribe: avances de la investigaci\u00f3n y el reporte sobre su salud"},"content":{"rendered":"<p><span style=\"font-family: tahoma, arial, helvetica, sans-serif; font-size: 14pt;\"><strong>Miguel Uribe: avances de la investigaci\u00f3n y el reporte sobre su salud<\/strong><\/span><\/p>\n<figure id=\"attachment_4016\" aria-describedby=\"caption-attachment-4016\" style=\"width: 300px\" class=\"wp-caption alignright\"><img decoding=\"async\" class=\"size-medium wp-image-4016\" src=\"https:\/\/jairolibreros.com\/wp-content\/uploads\/2025\/06\/Jairo-Libreros.-Salud-Miguel-Uribe.-El-Tiempo.-2025-300x165.jpg\" alt=\"\" width=\"300\" height=\"165\" srcset=\"https:\/\/jairolibreros.com\/wp-content\/uploads\/2025\/06\/Jairo-Libreros.-Salud-Miguel-Uribe.-El-Tiempo.-2025-300x165.jpg 300w, https:\/\/jairolibreros.com\/wp-content\/uploads\/2025\/06\/Jairo-Libreros.-Salud-Miguel-Uribe.-El-Tiempo.-2025-768x423.jpg 768w, https:\/\/jairolibreros.com\/wp-content\/uploads\/2025\/06\/Jairo-Libreros.-Salud-Miguel-Uribe.-El-Tiempo.-2025.jpg 828w\" sizes=\"(max-width: 300px) 100vw, 300px\" \/><figcaption id=\"caption-attachment-4016\" class=\"wp-caption-text\">Jairo Libreros. Senador y candidato presidencial Miguel Uribe. El Tiempo. 2025<\/figcaption><\/figure>\n<p><span style=\"font-family: tahoma, arial, helvetica, sans-serif; font-size: 14pt;\"><em>El Tiempo \u2022 Jhon Torres y Laura Garc\u00eda \u2022 09.06.2025<\/em><\/span><\/p>\n<p class=\"p1\"><span style=\"font-family: tahoma, arial, helvetica, sans-serif; font-size: 14pt;\">Las autoridades entregaron nuevos avances en la investigaci\u00f3n por el atentado contra el senador Miguel Uribe Turbay. Conozca el m\u00e1s reciente reporte sobre su estado de salud y las hip\u00f3tesis que manejan los organismos de seguridad frente a los m\u00f3viles del ataque.<\/span><\/p>\n<p><span style=\"font-family: tahoma, arial, helvetica, sans-serif; font-size: 14pt;\">El link de El Tiempo es el siguiente:<\/span><\/p>\n<p><iframe hcb-fetch-image-from=\"https:\/\/www.youtube.com\/watch?v=FBSixD7VCoU\" title=\"Miguel Uribe: Avances de la investigaci\u00f3n y el reporte sobre su salud\" width=\"640\" height=\"360\" src=\"https:\/\/www.youtube.com\/embed\/FBSixD7VCoU?feature=oembed\" frameborder=\"0\" allow=\"accelerometer; autoplay; clipboard-write; encrypted-media; gyroscope; picture-in-picture; web-share\" referrerpolicy=\"strict-origin-when-cross-origin\" allowfullscreen><\/iframe><\/p>\n<p style=\"text-align: right;\"><span style=\"font-size: 14pt; font-family: tahoma, arial, helvetica, sans-serif;\"><a href=\"https:\/\/jairolibreros.com\/\"><strong><span style=\"text-decoration: underline;\">Blog de Jairo Libreros<\/span><\/strong><\/a><\/span><\/p>\n","protected":false},"excerpt":{"rendered":"<p>Miguel Uribe: avances de la investigaci\u00f3n y el reporte sobre su salud El Tiempo \u2022 Jhon Torres y Laura Garc\u00eda \u2022 09.06.2025 Las <\/p>\n","protected":false},"author":1,"featured_media":4015,"comment_status":"open","ping_status":"open","sticky":false,"template":"","format":"standard","meta":{"om_disable_all_campaigns":false,"_monsterinsights_skip_tracking":false,"_monsterinsights_sitenote_active":false,"_monsterinsights_sitenote_note":"","_monsterinsights_sitenote_category":0,"footnotes":""},"categories":[95,1],"tags":[54,39],"aioseo_notices":[],"class_list":["post-4013","post","type-post","status-publish","format-standard","has-post-thumbnail","hentry","category-el-tiempo","category-jairo-libreros","tag-comunicacion-politica","tag-seguridad-ciudadana"],"_links":{"self":[{"href":"https:\/\/jairolibreros.com\/index.php?rest_route=\/wp\/v2\/posts\/4013"}],"collection":[{"href":"https:\/\/jairolibreros.com\/index.php?rest_route=\/wp\/v2\/posts"}],"about":[{"href":"https:\/\/jairolibreros.com\/index.php?rest_route=\/wp\/v2\/types\/post"}],"author":[{"embeddable":true,"href":"https:\/\/jairolibreros.com\/index.php?rest_route=\/wp\/v2\/users\/1"}],"replies":[{"embeddable":true,"href":"https:\/\/jairolibreros.com\/index.php?rest_route=%2Fwp%2Fv2%2Fcomments&post=4013"}],"version-history":[{"count":6,"href":"https:\/\/jairolibreros.com\/index.php?rest_route=\/wp\/v2\/posts\/4013\/revisions"}],"predecessor-version":[{"id":4625,"href":"https:\/\/jairolibreros.com\/index.php?rest_route=\/wp\/v2\/posts\/4013\/revisions\/4625"}],"wp:featuredmedia":[{"embeddable":true,"href":"https:\/\/jairolibreros.com\/index.php?rest_route=\/wp\/v2\/media\/4015"}],"wp:attachment":[{"href":"https:\/\/jairolibreros.com\/index.php?rest_route=%2Fwp%2Fv2%2Fmedia&parent=4013"}],"wp:term":[{"taxonomy":"category","embeddable":true,"href":"https:\/\/jairolibreros.com\/index.php?rest_route=%2Fwp%2Fv2%2Fcategories&post=4013"},{"taxonomy":"post_tag","embeddable":true,"href":"https:\/\/jairolibreros.com\/index.php?rest_route=%2Fwp%2Fv2%2Ftags&post=4013"}],"curies":[{"name":"wp","href":"https:\/\/api.w.org\/{rel}","templated":true}]}}