{"id":4023,"date":"2025-06-10T23:09:42","date_gmt":"2025-06-10T23:09:42","guid":{"rendered":"https:\/\/jairolibreros.com\/?p=4023"},"modified":"2025-09-18T01:02:40","modified_gmt":"2025-09-18T01:02:40","slug":"soy-la-voz-de-quienes-rechazamos-la-arremetida-terrorista-de-las-disidencias-de-las-farc-en-el-cauca-y-en-el-valle-del-cauca","status":"publish","type":"post","link":"https:\/\/jairolibreros.com\/?p=4023","title":{"rendered":"Soy la voz de qui\u00e9nes rechazamos la arremetida terrorista de las disidencias de las FARC en el Cauca y en el Valle del Cauca"},"content":{"rendered":"<p><span style=\"font-family: tahoma, arial, helvetica, sans-serif; font-size: 14pt;\"><strong>Soy la voz de qui\u00e9nes rechazamos la arremetida terrorista de las disidencias de las FARC en el Cauca y en el Valle del Cauca<\/strong><\/span><\/p>\n<p><span style=\"font-family: tahoma, arial, helvetica, sans-serif; font-size: 14pt;\"><em><a class=\"css-4rbku5 css-18t94o4 css-901oao css-16my406 r-1cvl2hr r-1loqt21 r-poiln3 r-bcqeeo r-1ny4l3l r-1ddef8g r-tjvw6i r-qvutc0\" dir=\"ltr\" role=\"link\" href=\"https:\/\/twitter.com\/hashtag\/SoyLaVoz?src=hashtag_click\">#SoyLaVoz<\/a> \u00b7 La Luci\u00e9rnaga \u00b7 Caracol Radio \u00b7 10.06.2025<\/em><\/span><\/p>\n<!--[if lt IE 9]><script>document.createElement('audio');<\/script><![endif]-->\n<audio class=\"wp-audio-shortcode\" id=\"audio-4023-1\" preload=\"none\" style=\"width: 100%;\" controls=\"controls\"><source type=\"audio\/mpeg\" src=\"https:\/\/jairolibreros.com\/wp-content\/uploads\/2025\/06\/SLV-JAIRO-LIBREROS-10-JUN.1329.mp3?_=1\" \/><a href=\"https:\/\/jairolibreros.com\/wp-content\/uploads\/2025\/06\/SLV-JAIRO-LIBREROS-10-JUN.1329.mp3\">https:\/\/jairolibreros.com\/wp-content\/uploads\/2025\/06\/SLV-JAIRO-LIBREROS-10-JUN.1329.mp3<\/a><\/audio>\n<p>&nbsp;<\/p>\n<p class=\"p1\"><span style=\"font-family: tahoma, arial, helvetica, sans-serif; font-size: 14pt;\">Hola, les habla <b>Jairo Libreros<\/b>, profesor de la Universidad Externado de Colombia, y soy la voz de qui\u00e9nes rechazamos la arremetida terrorista de las disidencias de las FARC en el Cauca y en el Valle del Cauca, as\u00ed como la pasividad del Gobierno Nacional como garante de la seguridad de los colombianos.<\/span><\/p>\n<p class=\"p1\"><span style=\"font-family: tahoma, arial, helvetica, sans-serif; font-size: 14pt;\">En este instante, cuando grabo soy la voz, se han registrado 19 ataques cobardes en contra de nosotros como sociedad, como colombianos, sin distinci\u00f3n alguna, vallecaucanos o caucanos, civiles o militares. El terrorismo nos convierte a todos en v\u00edctimas.<\/span><\/p>\n<p class=\"p1\"><span style=\"font-family: tahoma, arial, helvetica, sans-serif; font-size: 14pt;\">Las disidencias de las FARC, para ser m\u00e1s precisos, la estructura criminal Jaime Mart\u00ednez, es la responsable de esta jornada violenta que busca crear caos y zozobra para asegurar las rentas del narcotr\u00e1fico, la miner\u00eda ilegal, la extorsi\u00f3n y el secuestro.<\/span><\/p>\n<p class=\"p1\"><span style=\"font-family: tahoma, arial, helvetica, sans-serif; font-size: 14pt;\">Esos disidentes de la Jaime Mart\u00ednez son delincuentes ejerciendo el oficio criminal. La gran inc\u00f3gnita es \u00bfpor qu\u00e9 el presidente Gustavo Petro guarda silencio ante esta crisis de seguridad? \u00bfS\u00f3lo le interesa el destino del Cauca y del Valle del Cauca cuando de elecciones y concentraciones populares e inoportunas se trata?<\/span><\/p>\n<p class=\"p1\"><span style=\"font-family: tahoma, arial, helvetica, sans-serif; font-size: 14pt;\">En conclusi\u00f3n, en Cali, Jamund\u00ed, Palmira, Buenaventura, El Bordo, Timbiqu\u00ed, Corinto, Buenos Aires y Miranda, epicentros de la escalada violenta, las capacidades institucionales de inteligencia y seguridad fueron avasalladas. Al Gobierno del Cambio le qued\u00f3 grande la seguridad de los colombianos. No saben qu\u00e9 hacer.<\/span><\/p>\n<p style=\"text-align: right;\"><span style=\"text-decoration: underline; font-family: tahoma, arial, helvetica, sans-serif; font-size: 14pt;\"><a href=\"https:\/\/jairolibreros.com\/\"><strong>Blog de Jairo Libreros<\/strong><\/a><\/span><\/p>\n","protected":false},"excerpt":{"rendered":"<p>Soy la voz de qui\u00e9nes rechazamos la arremetida terrorista de las disidencias de las FARC en el Cauca y en el Valle del <\/p>\n","protected":false},"author":1,"featured_media":428,"comment_status":"open","ping_status":"open","sticky":false,"template":"","format":"standard","meta":{"om_disable_all_campaigns":false,"_monsterinsights_skip_tracking":false,"_monsterinsights_sitenote_active":false,"_monsterinsights_sitenote_note":"","_monsterinsights_sitenote_category":0,"footnotes":""},"categories":[94,1],"tags":[54,90,97,39],"aioseo_notices":[],"class_list":["post-4023","post","type-post","status-publish","format-standard","has-post-thumbnail","hentry","category-caracol-radio","category-jairo-libreros","tag-comunicacion-politica","tag-seguridad-y-defensa-nacional","tag-inteligencia-estrategica","tag-seguridad-ciudadana"],"_links":{"self":[{"href":"https:\/\/jairolibreros.com\/index.php?rest_route=\/wp\/v2\/posts\/4023"}],"collection":[{"href":"https:\/\/jairolibreros.com\/index.php?rest_route=\/wp\/v2\/posts"}],"about":[{"href":"https:\/\/jairolibreros.com\/index.php?rest_route=\/wp\/v2\/types\/post"}],"author":[{"embeddable":true,"href":"https:\/\/jairolibreros.com\/index.php?rest_route=\/wp\/v2\/users\/1"}],"replies":[{"embeddable":true,"href":"https:\/\/jairolibreros.com\/index.php?rest_route=%2Fwp%2Fv2%2Fcomments&post=4023"}],"version-history":[{"count":3,"href":"https:\/\/jairolibreros.com\/index.php?rest_route=\/wp\/v2\/posts\/4023\/revisions"}],"predecessor-version":[{"id":4626,"href":"https:\/\/jairolibreros.com\/index.php?rest_route=\/wp\/v2\/posts\/4023\/revisions\/4626"}],"wp:featuredmedia":[{"embeddable":true,"href":"https:\/\/jairolibreros.com\/index.php?rest_route=\/wp\/v2\/media\/428"}],"wp:attachment":[{"href":"https:\/\/jairolibreros.com\/index.php?rest_route=%2Fwp%2Fv2%2Fmedia&parent=4023"}],"wp:term":[{"taxonomy":"category","embeddable":true,"href":"https:\/\/jairolibreros.com\/index.php?rest_route=%2Fwp%2Fv2%2Fcategories&post=4023"},{"taxonomy":"post_tag","embeddable":true,"href":"https:\/\/jairolibreros.com\/index.php?rest_route=%2Fwp%2Fv2%2Ftags&post=4023"}],"curies":[{"name":"wp","href":"https:\/\/api.w.org\/{rel}","templated":true}]}}