{"id":4027,"date":"2025-06-13T11:55:23","date_gmt":"2025-06-13T11:55:23","guid":{"rendered":"https:\/\/jairolibreros.com\/?p=4027"},"modified":"2025-09-18T01:03:35","modified_gmt":"2025-09-18T01:03:35","slug":"decretazo-y-constituyente-los-riesgos-que-traerian-para-la-democracia-las-dos-nuevas-jugadas-de-gustavo-petro","status":"publish","type":"post","link":"https:\/\/jairolibreros.com\/?p=4027","title":{"rendered":"Decretazo&#8217; y constituyente: los riesgos que traer\u00edan para la democracia las dos nuevas jugadas de Gustavo Petro"},"content":{"rendered":"<p><span style=\"font-family: tahoma, arial, helvetica, sans-serif; font-size: 14pt;\"><strong>Decretazo y constituyente: los riesgos que traer\u00edan para la democracia las dos nuevas jugadas de Gustavo Petro<\/strong><\/span><\/p>\n<p style=\"text-align: left;\"><span style=\"font-family: tahoma, arial, helvetica, sans-serif; font-size: 14pt;\"><em>El Tiempo \u00b7 Mateo Garc\u00eda \u00b7 12.06.2025<\/em><\/span><\/p>\n<p class=\"p1\" style=\"text-align: center;\"><span style=\"font-family: tahoma, arial, helvetica, sans-serif; font-size: 14pt;\"><strong>El mismo d\u00eda que se firm\u00f3 el decreto que convoca la consulta popular, Petro puso sobre la mesa una constituyente<\/strong><\/span><\/p>\n<p class=\"p1\"><span style=\"font-family: tahoma, arial, helvetica, sans-serif; font-size: 14pt;\">\u201c<em>En medio de la crisis pol\u00edtica, fiscal y de seguridad que padece Colombia la sola idea de abrir un espacio para una constituyente que no soluciona ninguno de esos tres temas ni otros asuntos como los que est\u00e1n relacionados con las reformas sociales -salud, laboral y pensional- pone en riesgo la estabilidad pol\u00edtica de nuestra democracia constitucional.<\/em><\/span><\/p>\n<p class=\"p1\"><span style=\"font-family: tahoma, arial, helvetica, sans-serif; font-size: 14pt;\"><em>El gobierno Petro lanza de manera irresponsable un globo llamado asamblea nacional constituyente para radicalizar el clima de pugnacidad pol\u00edtica que se respira en Colombia y obtener r\u00e9ditos electorales en los comicios de 2026 bajo el presupuesto de que el fracaso del Gobierno del Cambio solo es atribuible a los partidos pol\u00edticos independientes y de la oposici\u00f3n y a otros sectores sociales, empresariales y gremiales se\u00f1al\u00e1ndolos de ser los responsables de un bloqueo institucional que solo existe en el imaginario de los inquilinos de la Casa de Nari\u00f1o<\/em>\u201d: <strong>Jairo Libreros<\/strong>.<\/span><\/p>\n<p><span style=\"font-family: tahoma, arial, helvetica, sans-serif; font-size: 14pt;\">El link de El Tiempo es el siguiente:<\/span><\/p>\n<p><span style=\"font-family: tahoma, arial, helvetica, sans-serif; font-size: 14pt;\"><span style=\"text-decoration: underline;\"><a href=\"https:\/\/www.eltiempo.com\/politica\/gobierno\/decretazo-y-constituyente-los-riegos-para-la-democracia-que-prenden-las-dos-nuevas-jugaditas-de-gustavo-petro-3462829\">https:\/\/www.eltiempo.com\/politica\/gobierno\/decretazo-y-constituyente-los-riegos-para-la-democracia-que-prenden-las-dos-nuevas-jugaditas-de-gustavo-petro-3462829<\/a><\/span>\u00a0<\/span><\/p>\n<p style=\"text-align: right;\"><span style=\"text-decoration: underline; font-family: tahoma, arial, helvetica, sans-serif; font-size: 14pt;\"><a href=\"https:\/\/jairolibreros.com\/\"><strong>Blog de Jairo Libreros<\/strong><\/a><\/span><\/p>\n","protected":false},"excerpt":{"rendered":"<p>Decretazo y constituyente: los riesgos que traer\u00edan para la democracia las dos nuevas jugadas de Gustavo Petro El Tiempo \u00b7 Mateo Garc\u00eda \u00b7 <\/p>\n","protected":false},"author":1,"featured_media":3289,"comment_status":"open","ping_status":"open","sticky":false,"template":"","format":"standard","meta":{"om_disable_all_campaigns":false,"_monsterinsights_skip_tracking":false,"_monsterinsights_sitenote_active":false,"_monsterinsights_sitenote_note":"","_monsterinsights_sitenote_category":0,"footnotes":""},"categories":[95,1],"tags":[44,54,37],"aioseo_notices":[],"class_list":["post-4027","post","type-post","status-publish","format-standard","has-post-thumbnail","hentry","category-el-tiempo","category-jairo-libreros","tag-elecciones","tag-comunicacion-politica","tag-movilizacion-social"],"_links":{"self":[{"href":"https:\/\/jairolibreros.com\/index.php?rest_route=\/wp\/v2\/posts\/4027"}],"collection":[{"href":"https:\/\/jairolibreros.com\/index.php?rest_route=\/wp\/v2\/posts"}],"about":[{"href":"https:\/\/jairolibreros.com\/index.php?rest_route=\/wp\/v2\/types\/post"}],"author":[{"embeddable":true,"href":"https:\/\/jairolibreros.com\/index.php?rest_route=\/wp\/v2\/users\/1"}],"replies":[{"embeddable":true,"href":"https:\/\/jairolibreros.com\/index.php?rest_route=%2Fwp%2Fv2%2Fcomments&post=4027"}],"version-history":[{"count":4,"href":"https:\/\/jairolibreros.com\/index.php?rest_route=\/wp\/v2\/posts\/4027\/revisions"}],"predecessor-version":[{"id":4627,"href":"https:\/\/jairolibreros.com\/index.php?rest_route=\/wp\/v2\/posts\/4027\/revisions\/4627"}],"wp:featuredmedia":[{"embeddable":true,"href":"https:\/\/jairolibreros.com\/index.php?rest_route=\/wp\/v2\/media\/3289"}],"wp:attachment":[{"href":"https:\/\/jairolibreros.com\/index.php?rest_route=%2Fwp%2Fv2%2Fmedia&parent=4027"}],"wp:term":[{"taxonomy":"category","embeddable":true,"href":"https:\/\/jairolibreros.com\/index.php?rest_route=%2Fwp%2Fv2%2Fcategories&post=4027"},{"taxonomy":"post_tag","embeddable":true,"href":"https:\/\/jairolibreros.com\/index.php?rest_route=%2Fwp%2Fv2%2Ftags&post=4027"}],"curies":[{"name":"wp","href":"https:\/\/api.w.org\/{rel}","templated":true}]}}