{"id":4030,"date":"2025-06-17T02:30:41","date_gmt":"2025-06-17T02:30:41","guid":{"rendered":"https:\/\/jairolibreros.com\/?p=4030"},"modified":"2025-09-18T00:30:55","modified_gmt":"2025-09-18T00:30:55","slug":"sectores-politicos-y-academicos-saludaron-acuerdo-para-bajar-las-tensiones-en-el-pais-y-demandaron-su-cumplimento","status":"publish","type":"post","link":"https:\/\/jairolibreros.com\/?p=4030","title":{"rendered":"Sectores pol\u00edticos y acad\u00e9micos \u201csaludaron\u201d acuerdo para bajar las tensiones en el pa\u00eds y demandaron su cumplimento"},"content":{"rendered":"<p><span style=\"font-family: tahoma, arial, helvetica, sans-serif; font-size: 14pt;\"><strong>Sectores pol\u00edticos y acad\u00e9micos \u201csaludaron\u201d acuerdo para bajar las tensiones en el pa\u00eds y demandaron su cumplimento<\/strong><\/span><\/p>\n<p><span style=\"font-family: tahoma, arial, helvetica, sans-serif; font-size: 14pt;\"><em>El Tiempo \u00b7 Rafael Quintero \u00b7 16.06.2025<\/em><\/span><\/p>\n<p class=\"p1\" style=\"text-align: center;\"><span style=\"font-family: tahoma, arial, helvetica, sans-serif; font-size: 14pt;\"><strong>Se\u00f1alaron que si bien hay buenas intenciones, los acuerdos se deben materializar con hechos concretos y palpables<\/strong><\/span><\/p>\n<p><span style=\"font-family: tahoma, arial, helvetica, sans-serif; font-size: 14pt;\">&#8220;<em>El acuerdo es la hoja de ruta indicada para desincentivar la radicalizaci\u00f3n del relacionamiento pol\u00edtico en Colombia. Es una oportunidad para detener la crisis de intolerancia pol\u00edtica que deteriora el debate p\u00fablico y vulnera la estabilidad pol\u00edtica de la nuestra democracia constitucional.<\/em><\/span><\/p>\n<p><span style=\"font-family: tahoma, arial, helvetica, sans-serif; font-size: 14pt;\"><em>Sin embargo, una cosa son las coincidencias en la necesidad del acuerdo y otra cosa muy diferente es convertir en realidad los consensos pactados en medio de un proceso electoral signado por el atentado en contra del candidato Miguel Uribe, con una escalada terrorista en diferentes territorios del pa\u00eds y con la amenaza pol\u00edtica de la Casa de Nari\u00f1o de ejecutar un plan A denominado consulta popular y un plan B llamado asamblea constituyente si el Congreso no aprueba sumisamente el articulado que impulsa el Gobierno Petro<\/em>&#8220;: <strong>Jairo Libreros<\/strong>.<\/span><\/p>\n<p><span style=\"font-family: tahoma, arial, helvetica, sans-serif; font-size: 14pt;\">El link de El Tiempo es el siguiente:<\/span><\/p>\n<p><span style=\"font-family: tahoma, arial, helvetica, sans-serif; font-size: 14pt;\"><span style=\"text-decoration: underline;\"><a href=\"https:\/\/www.eltiempo.com\/politica\/gobierno\/sectores-politicos-y-academicos-saludaron-acuerdo-para-bajar-las-tensiones-en-el-pais-y-demandaron-su-cumplimento-3463938\">https:\/\/www.eltiempo.com\/politica\/gobierno\/sectores-politicos-y-academicos-saludaron-acuerdo-para-bajar-las-tensiones-en-el-pais-y-demandaron-su-cumplimento-3463938<\/a><\/span>\u00a0<\/span><\/p>\n<p style=\"text-align: right;\"><span style=\"text-decoration: underline; font-family: tahoma, arial, helvetica, sans-serif; font-size: 14pt;\"><a href=\"https:\/\/jairolibreros.com\/\"><strong>Blog de Jairo Libreros<\/strong><\/a><\/span><\/p>\n","protected":false},"excerpt":{"rendered":"<p>Sectores pol\u00edticos y acad\u00e9micos \u201csaludaron\u201d acuerdo para bajar las tensiones en el pa\u00eds y demandaron su cumplimento El Tiempo \u00b7 Rafael Quintero \u00b7 <\/p>\n","protected":false},"author":1,"featured_media":3296,"comment_status":"open","ping_status":"open","sticky":false,"template":"","format":"standard","meta":{"om_disable_all_campaigns":false,"_monsterinsights_skip_tracking":false,"_monsterinsights_sitenote_active":false,"_monsterinsights_sitenote_note":"","_monsterinsights_sitenote_category":0,"footnotes":""},"categories":[95,1],"tags":[44,54,37],"aioseo_notices":[],"class_list":["post-4030","post","type-post","status-publish","format-standard","has-post-thumbnail","hentry","category-el-tiempo","category-jairo-libreros","tag-elecciones","tag-comunicacion-politica","tag-movilizacion-social"],"_links":{"self":[{"href":"https:\/\/jairolibreros.com\/index.php?rest_route=\/wp\/v2\/posts\/4030"}],"collection":[{"href":"https:\/\/jairolibreros.com\/index.php?rest_route=\/wp\/v2\/posts"}],"about":[{"href":"https:\/\/jairolibreros.com\/index.php?rest_route=\/wp\/v2\/types\/post"}],"author":[{"embeddable":true,"href":"https:\/\/jairolibreros.com\/index.php?rest_route=\/wp\/v2\/users\/1"}],"replies":[{"embeddable":true,"href":"https:\/\/jairolibreros.com\/index.php?rest_route=%2Fwp%2Fv2%2Fcomments&post=4030"}],"version-history":[{"count":2,"href":"https:\/\/jairolibreros.com\/index.php?rest_route=\/wp\/v2\/posts\/4030\/revisions"}],"predecessor-version":[{"id":4588,"href":"https:\/\/jairolibreros.com\/index.php?rest_route=\/wp\/v2\/posts\/4030\/revisions\/4588"}],"wp:featuredmedia":[{"embeddable":true,"href":"https:\/\/jairolibreros.com\/index.php?rest_route=\/wp\/v2\/media\/3296"}],"wp:attachment":[{"href":"https:\/\/jairolibreros.com\/index.php?rest_route=%2Fwp%2Fv2%2Fmedia&parent=4030"}],"wp:term":[{"taxonomy":"category","embeddable":true,"href":"https:\/\/jairolibreros.com\/index.php?rest_route=%2Fwp%2Fv2%2Fcategories&post=4030"},{"taxonomy":"post_tag","embeddable":true,"href":"https:\/\/jairolibreros.com\/index.php?rest_route=%2Fwp%2Fv2%2Ftags&post=4030"}],"curies":[{"name":"wp","href":"https:\/\/api.w.org\/{rel}","templated":true}]}}