{"id":4062,"date":"2025-07-16T03:35:49","date_gmt":"2025-07-16T03:35:49","guid":{"rendered":"https:\/\/jairolibreros.com\/?p=4062"},"modified":"2025-09-18T00:39:11","modified_gmt":"2025-09-18T00:39:11","slug":"escepticismo-por-futuro-del-catatumbo","status":"publish","type":"post","link":"https:\/\/jairolibreros.com\/?p=4062","title":{"rendered":"Escepticismo por futuro del Catatumbo"},"content":{"rendered":"<p><span style=\"font-family: tahoma, arial, helvetica, sans-serif; font-size: 14pt;\"><strong>Escepticismo por futuro del Catatumbo<\/strong><\/span><\/p>\n<p style=\"text-align: left;\"><span style=\"font-family: tahoma, arial, helvetica, sans-serif; font-size: 14pt;\"><em>6AM \u00b7 Caracol Radio C\u00facuta \u00b7 Esmeralda Rojas \u00b7 16.07.2025<\/em><\/span><\/p>\n<p class=\"p1\" style=\"text-align: center;\"><span style=\"font-family: tahoma, arial, helvetica, sans-serif; font-size: 14pt;\"><strong>Analistas piden al gobierno recuperar el territorio y critican el papel de las fuerzas militares<\/strong><\/span><\/p>\n<p class=\"p1\"><span style=\"font-family: tahoma, arial, helvetica, sans-serif; font-size: 14pt;\">Al cumplirse seis meses de la guerra en el Catatumbo entre los grupos ilegales que delinquen en la zona, analistas se muestran esc\u00e9pticos del futuro de esa zona.<\/span><\/p>\n<p class=\"p1\"><span style=\"font-family: tahoma, arial, helvetica, sans-serif; font-size: 14pt;\"><strong>El acad\u00e9mico y experto en seguridad Jairo Libreros dijo a Caracol Radio<\/strong> que \u201cqueda claro que en la casa de Nari\u00f1o no han entendido la problem\u00e1tica que padece en t\u00e9rminos hist\u00f3ricos. Pero en t\u00e9rminos coyunturales hay que tener claro estos seis meses los enfrentamientos entre las farc y el ELN se han realizado en total tranquilidad den t\u00e9rminos b\u00e9licos y sin la intervenci\u00f3n de nuestra fuerza p\u00fablica\u201d.<\/span><\/p>\n<p class=\"p1\"><span style=\"font-family: tahoma, arial, helvetica, sans-serif; font-size: 14pt;\">\u201cLlegar a decir como lo hizo el ministro de defensa que se recupero el 70% del territorio, es enviar un mensaje que no corresponde con la realidad.Es una burla a todos los ciudadanos\u201d <strong>dijo el doctor Libreros<\/strong>.<\/span><\/p>\n<p class=\"p1\"><span style=\"font-family: tahoma, arial, helvetica, sans-serif; font-size: 14pt;\"><strong>Indic\u00f3<\/strong> \u201cse formularon unas normas al amparo del Estado de Conmoci\u00f3n Interior de esos decretos cinco se cayeron, y eran los decretos que estaban relacionados con el apoyo a la poblaci\u00f3n civil, con la formulaci\u00f3n de medidas de protecci\u00f3n a los liderazgos sociales a recuperar la situaci\u00f3n de las v\u00edctimas a quienes por cuenta de los enfrentamientos tuvieron que salir de sus territorios desde ese punto de vista la sinton\u00eda de Palacio y el Catatumbo es nula\u201d.<\/span><\/p>\n<p class=\"p1\"><span style=\"font-family: tahoma, arial, helvetica, sans-serif; font-size: 14pt;\">\u201cNo se ha hecho nada y lo que se ha hecho que ha sido muy poco no es suficiente para atender el drama de miles de colombianos\u201d <strong>precis\u00f3<\/strong>.<\/span><\/p>\n<p class=\"p1\"><span style=\"font-family: tahoma, arial, helvetica, sans-serif; font-size: 14pt;\">\u201cHay hojas de ruta que han mostrado su eficacia, de un lado se hace necesario recuperar el control territorial y la asistencia social a las poblaciones que han resultado vulneradas en t\u00e9rminos coyunturales e hist\u00f3ricos. Si no logramos tener una capacidad que nos permita deliminar sus territorios. Sino logramos que estos actores armados, sus estructuras, sus negocios ilegales sino respondemos para evitar que ellos sigan en ello, dif\u00edcilmente lo vamos a lograr&#8230;\u201d <strong>dijo Libreros<\/strong>.<\/span><\/p>\n<p><span style=\"font-family: tahoma, arial, helvetica, sans-serif; font-size: 14pt;\">El link de 6AM de Caracol Radio C\u00facuta con el an\u00e1lisis es el siguiente:<\/span><\/p>\n<p><span style=\"font-family: tahoma, arial, helvetica, sans-serif; font-size: 14pt;\"><span style=\"text-decoration: underline;\"><a href=\"https:\/\/caracol.com.co\/2025\/07\/16\/escepticismo-por-futuro-del-catatumbo\/\">https:\/\/caracol.com.co\/2025\/07\/16\/escepticismo-por-futuro-del-catatumbo\/<\/a><\/span>\u00a0<\/span><\/p>\n<p style=\"text-align: right;\"><span style=\"text-decoration: underline; font-family: tahoma, arial, helvetica, sans-serif; font-size: 14pt;\"><a href=\"https:\/\/jairolibreros.com\/\"><strong>Blog de Jairo Libreros<\/strong><\/a><\/span><\/p>\n","protected":false},"excerpt":{"rendered":"<p>Escepticismo por futuro del Catatumbo 6AM \u00b7 Caracol Radio C\u00facuta \u00b7 Esmeralda Rojas \u00b7 16.07.2025 Analistas piden al gobierno recuperar el territorio y <\/p>\n","protected":false},"author":1,"featured_media":428,"comment_status":"open","ping_status":"open","sticky":false,"template":"","format":"standard","meta":{"om_disable_all_campaigns":false,"_monsterinsights_skip_tracking":false,"_monsterinsights_sitenote_active":false,"_monsterinsights_sitenote_note":"","_monsterinsights_sitenote_category":0,"footnotes":""},"categories":[94,1],"tags":[54,90,53,39],"aioseo_notices":[],"class_list":["post-4062","post","type-post","status-publish","format-standard","has-post-thumbnail","hentry","category-caracol-radio","category-jairo-libreros","tag-comunicacion-politica","tag-seguridad-y-defensa-nacional","tag-politicas-publicas","tag-seguridad-ciudadana"],"_links":{"self":[{"href":"https:\/\/jairolibreros.com\/index.php?rest_route=\/wp\/v2\/posts\/4062"}],"collection":[{"href":"https:\/\/jairolibreros.com\/index.php?rest_route=\/wp\/v2\/posts"}],"about":[{"href":"https:\/\/jairolibreros.com\/index.php?rest_route=\/wp\/v2\/types\/post"}],"author":[{"embeddable":true,"href":"https:\/\/jairolibreros.com\/index.php?rest_route=\/wp\/v2\/users\/1"}],"replies":[{"embeddable":true,"href":"https:\/\/jairolibreros.com\/index.php?rest_route=%2Fwp%2Fv2%2Fcomments&post=4062"}],"version-history":[{"count":2,"href":"https:\/\/jairolibreros.com\/index.php?rest_route=\/wp\/v2\/posts\/4062\/revisions"}],"predecessor-version":[{"id":4599,"href":"https:\/\/jairolibreros.com\/index.php?rest_route=\/wp\/v2\/posts\/4062\/revisions\/4599"}],"wp:featuredmedia":[{"embeddable":true,"href":"https:\/\/jairolibreros.com\/index.php?rest_route=\/wp\/v2\/media\/428"}],"wp:attachment":[{"href":"https:\/\/jairolibreros.com\/index.php?rest_route=%2Fwp%2Fv2%2Fmedia&parent=4062"}],"wp:term":[{"taxonomy":"category","embeddable":true,"href":"https:\/\/jairolibreros.com\/index.php?rest_route=%2Fwp%2Fv2%2Fcategories&post=4062"},{"taxonomy":"post_tag","embeddable":true,"href":"https:\/\/jairolibreros.com\/index.php?rest_route=%2Fwp%2Fv2%2Ftags&post=4062"}],"curies":[{"name":"wp","href":"https:\/\/api.w.org\/{rel}","templated":true}]}}