{"id":4091,"date":"2025-07-23T12:28:42","date_gmt":"2025-07-23T12:28:42","guid":{"rendered":"https:\/\/jairolibreros.com\/?p=4091"},"modified":"2025-09-18T00:40:41","modified_gmt":"2025-09-18T00:40:41","slug":"preocupacion-por-bloqueo-de-ascensos-en-la-policia","status":"publish","type":"post","link":"https:\/\/jairolibreros.com\/?p=4091","title":{"rendered":"Preocupaci\u00f3n por bloqueo de ascensos en la Polic\u00eda"},"content":{"rendered":"<p><span style=\"font-family: tahoma, arial, helvetica, sans-serif; font-size: 14pt;\"><strong>Preocupaci\u00f3n por bloqueo de ascensos en la Polic\u00eda<\/strong><\/span><\/p>\n<p style=\"text-align: left;\"><span style=\"font-family: tahoma, arial, helvetica, sans-serif; font-size: 14pt;\"><em>6AM \u00b7 Caracol Radio \u00b7 23.07.2025<\/em><\/span><\/p>\n<p class=\"p1\" style=\"text-align: center;\"><span style=\"font-family: tahoma, arial, helvetica, sans-serif; font-size: 14pt;\"><strong>M\u00e1s de 600 oficiales siguen esperando sus ascensos pese a haber cumplido todos los requisitos. Expertos alertan sobre consecuencias operativas, motivaciones pol\u00edticas y falta de respeto institucional<\/strong><\/span><\/p>\n<!--[if lt IE 9]><script>document.createElement('audio');<\/script><![endif]-->\n<audio class=\"wp-audio-shortcode\" id=\"audio-4091-1\" preload=\"none\" style=\"width: 100%;\" controls=\"controls\"><source type=\"audio\/mpeg\" src=\"https:\/\/jairolibreros.com\/wp-content\/uploads\/2025\/07\/AUDIO-2025-07-22-13-32-30.m4a?_=1\" \/><a href=\"https:\/\/jairolibreros.com\/wp-content\/uploads\/2025\/07\/AUDIO-2025-07-22-13-32-30.m4a\">https:\/\/jairolibreros.com\/wp-content\/uploads\/2025\/07\/AUDIO-2025-07-22-13-32-30.m4a<\/a><\/audio>\n<p>&nbsp;<\/p>\n<p class=\"p1\"><span style=\"font-family: tahoma, arial, helvetica, sans-serif; font-size: 14pt;\">&#8220;<em>Es injustificable el bloqueo de los ascensos de oficiales de la Polic\u00eda Nacional. De un lado, porque los uniformados ya fueron objeto de los filtros, controles y verificaciones establecidos por la ley para surtir la carrera policial.<\/em><\/span><\/p>\n<p class=\"p1\"><em><span style=\"font-family: tahoma, arial, helvetica, sans-serif; font-size: 14pt;\">Y del otro lado, porque de ser cierto que ahora est\u00e1n bajo el cedazo de la Direcci\u00f3n Nacional de Inteligencia, DNI, nos encontramos ante un acto arbitrario que afecta la estabilidad del servicio de polic\u00eda.<\/span><\/em><\/p>\n<p class=\"p1\"><em><span style=\"font-family: tahoma, arial, helvetica, sans-serif; font-size: 14pt;\">La DNI es una agencia de inteligencia estrat\u00e9gica, que no tiene funciones de supervisi\u00f3n del talento humano de otra entidad p\u00fablica. Algo va de las actividades de contrainteligencia a las actividades de ascensos en las carreras de la Fuerza P\u00fablica.<\/span><\/em><\/p>\n<p class=\"p1\"><span style=\"font-family: tahoma, arial, helvetica, sans-serif; font-size: 14pt;\"><em>Esto cada d\u00eda m\u00e1s se parece a una cacer\u00eda de brujas, de verificaci\u00f3n de lealtades, de ajuste de cuentas ideol\u00f3gicas del Gobierno Nacional en contra de los servidores p\u00fablicos que cumplen con sus funciones acatando la Constituci\u00f3n y la ley<\/em>&#8220;: <strong>Jairo Libreros<\/strong>.<\/span><\/p>\n<p><span style=\"font-family: tahoma, arial, helvetica, sans-serif; font-size: 14pt;\">El link de Caracol Radio es el siguiente:<\/span><\/p>\n<p><span style=\"font-family: tahoma, arial, helvetica, sans-serif; font-size: 14pt;\"><span style=\"text-decoration: underline;\"><a href=\"https:\/\/caracol.com.co\/2025\/07\/23\/preocupacion-por-bloqueo-de-ascensos-en-la-policia-una-agresion-a-la-ciudadania-gabriel-silva\/\">https:\/\/caracol.com.co\/2025\/07\/23\/preocupacion-por-bloqueo-de-ascensos-en-la-policia-una-agresion-a-la-ciudadania-gabriel-silva\/<\/a><\/span>\u00a0<\/span><\/p>\n<p style=\"text-align: right;\"><span style=\"text-decoration: underline; font-family: tahoma, arial, helvetica, sans-serif; font-size: 14pt;\"><a href=\"https:\/\/jairolibreros.com\/\"><strong>Blog de Jairo Libreros<\/strong><\/a><\/span><\/p>\n","protected":false},"excerpt":{"rendered":"<p>Preocupaci\u00f3n por bloqueo de ascensos en la Polic\u00eda 6AM \u00b7 Caracol Radio \u00b7 23.07.2025 M\u00e1s de 600 oficiales siguen esperando sus ascensos pese <\/p>\n","protected":false},"author":1,"featured_media":428,"comment_status":"open","ping_status":"open","sticky":false,"template":"","format":"standard","meta":{"om_disable_all_campaigns":false,"_monsterinsights_skip_tracking":false,"_monsterinsights_sitenote_active":false,"_monsterinsights_sitenote_note":"","_monsterinsights_sitenote_category":0,"footnotes":""},"categories":[94,1],"tags":[97,53,39],"aioseo_notices":[],"class_list":["post-4091","post","type-post","status-publish","format-standard","has-post-thumbnail","hentry","category-caracol-radio","category-jairo-libreros","tag-inteligencia-estrategica","tag-politicas-publicas","tag-seguridad-ciudadana"],"_links":{"self":[{"href":"https:\/\/jairolibreros.com\/index.php?rest_route=\/wp\/v2\/posts\/4091"}],"collection":[{"href":"https:\/\/jairolibreros.com\/index.php?rest_route=\/wp\/v2\/posts"}],"about":[{"href":"https:\/\/jairolibreros.com\/index.php?rest_route=\/wp\/v2\/types\/post"}],"author":[{"embeddable":true,"href":"https:\/\/jairolibreros.com\/index.php?rest_route=\/wp\/v2\/users\/1"}],"replies":[{"embeddable":true,"href":"https:\/\/jairolibreros.com\/index.php?rest_route=%2Fwp%2Fv2%2Fcomments&post=4091"}],"version-history":[{"count":4,"href":"https:\/\/jairolibreros.com\/index.php?rest_route=\/wp\/v2\/posts\/4091\/revisions"}],"predecessor-version":[{"id":4601,"href":"https:\/\/jairolibreros.com\/index.php?rest_route=\/wp\/v2\/posts\/4091\/revisions\/4601"}],"wp:featuredmedia":[{"embeddable":true,"href":"https:\/\/jairolibreros.com\/index.php?rest_route=\/wp\/v2\/media\/428"}],"wp:attachment":[{"href":"https:\/\/jairolibreros.com\/index.php?rest_route=%2Fwp%2Fv2%2Fmedia&parent=4091"}],"wp:term":[{"taxonomy":"category","embeddable":true,"href":"https:\/\/jairolibreros.com\/index.php?rest_route=%2Fwp%2Fv2%2Fcategories&post=4091"},{"taxonomy":"post_tag","embeddable":true,"href":"https:\/\/jairolibreros.com\/index.php?rest_route=%2Fwp%2Fv2%2Ftags&post=4091"}],"curies":[{"name":"wp","href":"https:\/\/api.w.org\/{rel}","templated":true}]}}