{"id":4097,"date":"2025-07-25T01:33:31","date_gmt":"2025-07-25T01:33:31","guid":{"rendered":"https:\/\/jairolibreros.com\/?p=4097"},"modified":"2025-09-18T00:42:16","modified_gmt":"2025-09-18T00:42:16","slug":"cualquiera-diria-hay-que-liquidar-los-contratos-la-polemica-advertencia-del-presidente-gustavo-petro-sobre-senal-de-medios-en-radio-y-television","status":"publish","type":"post","link":"https:\/\/jairolibreros.com\/?p=4097","title":{"rendered":"&#8216;Cualquiera dir\u00eda hay que liquidar los contratos&#8217;: la pol\u00e9mica advertencia del presidente Gustavo Petro sobre se\u00f1al de medios en radio y televisi\u00f3n"},"content":{"rendered":"<p><span style=\"font-size: 14pt; font-family: tahoma, arial, helvetica, sans-serif;\"><strong>&#8216;Cualquiera dir\u00eda hay que liquidar los contratos&#8217;: la pol\u00e9mica advertencia del presidente Gustavo Petro sobre se\u00f1al de medios en radio y televisi\u00f3n<\/strong><\/span><\/p>\n<p><span style=\"font-size: 14pt; font-family: tahoma, arial, helvetica, sans-serif;\"><em>El Tiempo \u00b7 Mar\u00eda Alejandra Gonz\u00e1lez \u00b7 24.07.2025<\/em><\/span><\/p>\n<p class=\"p1\" style=\"text-align: center;\"><span style=\"font-size: 14pt; font-family: tahoma, arial, helvetica, sans-serif;\"><strong>Seg\u00fan Petro los medios han &#8216;desinformado&#8217; y &#8216;llenan de odio&#8217; a la sociedad. Tambi\u00e9n dijo que congresistas que gritan &#8216;fuera petro&#8217; violan la ley<\/strong><\/span><\/p>\n<p class=\"p1\"><span style=\"font-size: 14pt; font-family: tahoma, arial, helvetica, sans-serif;\">&#8220;<em>Un ciudadano cuando asume la investidura de congresista no pierde sus derechos fundamentales. Sin duda, se somete a un r\u00e9gimen especialmente dise\u00f1ado en su condici\u00f3n de servidor p\u00fablico del Congreso. Y su derecho fundamental a la libertad de expresi\u00f3n entra\u00f1a algunas limitaciones e igualmente algunas exigencias.<\/em><\/span><\/p>\n<p class=\"p1\"><span style=\"font-size: 14pt; font-family: tahoma, arial, helvetica, sans-serif;\"><em>Por ejemplo, no puede incitar al uso de la violencia y debe tener un margen mayor de tolerancia frente a la cr\u00edtica y el escrutinio p\u00fablico. Y en todos los casos puede exteriorizar sus ideas, opiniones y preferencias pol\u00edticas, entre otras cosas, puede afirmar \u201cfuera Petro\u201d, sin temor a ser sancionado legalmente por sus expresiones.<\/em><\/span><\/p>\n<p class=\"p1\"><span style=\"font-size: 14pt; font-family: tahoma, arial, helvetica, sans-serif;\"><em>En \u00faltima instancia ser\u00e1n los ciudadanos quienes decidir\u00e1n si sus palabras son las indicadas o no, y as\u00ed lo manifestar\u00e1 en las urnas<\/em>&#8220;: <strong>Jairo Libreros<\/strong>.<\/span><\/p>\n<p><span style=\"font-size: 14pt; font-family: tahoma, arial, helvetica, sans-serif;\">El link de El Tiempo con el an\u00e1lisis es el siguiente:<\/span><\/p>\n<p><span style=\"font-size: 14pt; font-family: tahoma, arial, helvetica, sans-serif;\"><span style=\"text-decoration: underline;\"><a href=\"https:\/\/www.eltiempo.com\/politica\/gobierno\/cualquiera-diria-hay-que-liquidar-entonces-los-contratos-la-amenaza-del-presidente-gustavo-petro-sobre-senal-de-medios-en-radio-y-television-3475224\">https:\/\/www.eltiempo.com\/politica\/gobierno\/cualquiera-diria-hay-que-liquidar-entonces-los-contratos-la-amenaza-del-presidente-gustavo-petro-sobre-senal-de-medios-en-radio-y-television-3475224<\/a><\/span>\u00a0<\/span><\/p>\n<p style=\"text-align: right;\"><span style=\"text-decoration: underline; font-size: 14pt; font-family: tahoma, arial, helvetica, sans-serif;\"><a href=\"https:\/\/jairolibreros.com\/\"><strong>Blog de Jairo Libreros<\/strong><\/a><\/span><\/p>\n","protected":false},"excerpt":{"rendered":"<p>&#8216;Cualquiera dir\u00eda hay que liquidar los contratos&#8217;: la pol\u00e9mica advertencia del presidente Gustavo Petro sobre se\u00f1al de medios en radio y televisi\u00f3n El <\/p>\n","protected":false},"author":1,"featured_media":3288,"comment_status":"open","ping_status":"open","sticky":false,"template":"","format":"standard","meta":{"om_disable_all_campaigns":false,"_monsterinsights_skip_tracking":false,"_monsterinsights_sitenote_active":false,"_monsterinsights_sitenote_note":"","_monsterinsights_sitenote_category":0,"footnotes":""},"categories":[95,1],"tags":[54],"aioseo_notices":[],"class_list":["post-4097","post","type-post","status-publish","format-standard","has-post-thumbnail","hentry","category-el-tiempo","category-jairo-libreros","tag-comunicacion-politica"],"_links":{"self":[{"href":"https:\/\/jairolibreros.com\/index.php?rest_route=\/wp\/v2\/posts\/4097"}],"collection":[{"href":"https:\/\/jairolibreros.com\/index.php?rest_route=\/wp\/v2\/posts"}],"about":[{"href":"https:\/\/jairolibreros.com\/index.php?rest_route=\/wp\/v2\/types\/post"}],"author":[{"embeddable":true,"href":"https:\/\/jairolibreros.com\/index.php?rest_route=\/wp\/v2\/users\/1"}],"replies":[{"embeddable":true,"href":"https:\/\/jairolibreros.com\/index.php?rest_route=%2Fwp%2Fv2%2Fcomments&post=4097"}],"version-history":[{"count":2,"href":"https:\/\/jairolibreros.com\/index.php?rest_route=\/wp\/v2\/posts\/4097\/revisions"}],"predecessor-version":[{"id":4603,"href":"https:\/\/jairolibreros.com\/index.php?rest_route=\/wp\/v2\/posts\/4097\/revisions\/4603"}],"wp:featuredmedia":[{"embeddable":true,"href":"https:\/\/jairolibreros.com\/index.php?rest_route=\/wp\/v2\/media\/3288"}],"wp:attachment":[{"href":"https:\/\/jairolibreros.com\/index.php?rest_route=%2Fwp%2Fv2%2Fmedia&parent=4097"}],"wp:term":[{"taxonomy":"category","embeddable":true,"href":"https:\/\/jairolibreros.com\/index.php?rest_route=%2Fwp%2Fv2%2Fcategories&post=4097"},{"taxonomy":"post_tag","embeddable":true,"href":"https:\/\/jairolibreros.com\/index.php?rest_route=%2Fwp%2Fv2%2Ftags&post=4097"}],"curies":[{"name":"wp","href":"https:\/\/api.w.org\/{rel}","templated":true}]}}