{"id":4099,"date":"2025-07-25T11:44:21","date_gmt":"2025-07-25T11:44:21","guid":{"rendered":"https:\/\/jairolibreros.com\/?p=4099"},"modified":"2025-10-22T14:15:38","modified_gmt":"2025-10-22T14:15:38","slug":"rechazo-a-polemico-mensaje-del-presidente-gustavo-petro-sobre-senales-de-medios-y-opiniones-de-congresistas-de-oposicion","status":"publish","type":"post","link":"https:\/\/jairolibreros.com\/?p=4099","title":{"rendered":"Rechazo a pol\u00e9mico mensaje del presidente Gustavo Petro sobre se\u00f1ales de medios y opiniones de congresistas de oposici\u00f3n"},"content":{"rendered":"<p><span style=\"font-family: tahoma, arial, helvetica, sans-serif; font-size: 14pt;\"><strong>Rechazo a pol\u00e9mico mensaje del presidente Gustavo Petro sobre se\u00f1ales de medios y opiniones de congresistas de oposici\u00f3n<\/strong><\/span><\/p>\n<p><span style=\"font-family: tahoma, arial, helvetica, sans-serif; font-size: 14pt;\"><em>El Tiempo \u00b7 Sara Valentina Quevedo y Mar\u00eda Alejandra Gonz\u00e1lez \u00b7 25.07.2025<\/em><\/span><\/p>\n<p class=\"p1\" style=\"text-align: center;\"><span style=\"font-family: tahoma, arial, helvetica, sans-serif; font-size: 14pt;\"><strong>A trav\u00e9s de un trino, el jefe de Estado, habl\u00f3 sobre la vigencia de los contratos que les permiten el uso del espectro electromagn\u00e9tico a los medios<\/strong><\/span><\/p>\n<p class=\"p1\"><span style=\"font-family: tahoma, arial, helvetica, sans-serif; font-size: 14pt;\">&#8220;<em>El derecho internacional, la Constituci\u00f3n de 1991 y la jurisprudencia de la Corte Interamericana y de la Corte Constitucional protegen la libertad de prensa y de expresi\u00f3n, de manera especial cuando establecen de manera inequ\u00edvoca que los gobiernos nacionales cuando imponen, requieren o exhortan a los medios de comunicaci\u00f3n requisitos previos como los de veracidad, oportunidad o imparcialidad violan los Derechos Humanos, porque esas exigencias son incompatibles con el derecho fundamental a la libertad de expresi\u00f3n<\/em>&#8220;: <strong>Jairo Libreros<\/strong>.<\/span><\/p>\n<p><span style=\"font-family: tahoma, arial, helvetica, sans-serif; font-size: 14pt;\">El link de El Tiempo con el an\u00e1lisis es el siguiente:<\/span><\/p>\n<p><span style=\"font-family: tahoma, arial, helvetica, sans-serif; font-size: 14pt;\"><span style=\"text-decoration: underline;\"><a href=\"https:\/\/www.eltiempo.com\/politica\/gobierno\/rechazo-a-polemico-mensaje-del-presidente-gustavo-petro-sobre-senales-de-medios-y-opiniones-de-congresistas-de-oposicion-3475228?utm_campaign=mrf-twitter-ELTIEMPO&amp;mrfcid=202507256882d396c9f65807d413c03b\">https:\/\/www.eltiempo.com\/politica\/gobierno\/rechazo-a-polemico-mensaje-del-presidente-gustavo-petro-sobre-senales-de-medios-y-opiniones-de-congresistas-de-oposicion-3475228?utm_campaign=mrf-twitter-ELTIEMPO&amp;mrfcid=202507256882d396c9f65807d413c03b<\/a><\/span>\u00a0<\/span><\/p>\n<p style=\"text-align: right;\"><span style=\"text-decoration: underline; font-family: tahoma, arial, helvetica, sans-serif; font-size: 14pt;\"><a href=\"https:\/\/jairolibreros.com\/\"><strong>Blog de Jairo Libreros<\/strong><\/a><\/span><\/p>\n","protected":false},"excerpt":{"rendered":"<p>Rechazo a pol\u00e9mico mensaje del presidente Gustavo Petro sobre se\u00f1ales de medios y opiniones de congresistas de oposici\u00f3n El Tiempo \u00b7 Sara Valentina <\/p>\n","protected":false},"author":1,"featured_media":3289,"comment_status":"open","ping_status":"open","sticky":false,"template":"","format":"standard","meta":{"om_disable_all_campaigns":false,"_monsterinsights_skip_tracking":false,"_monsterinsights_sitenote_active":false,"_monsterinsights_sitenote_note":"","_monsterinsights_sitenote_category":0,"footnotes":""},"categories":[95,1],"tags":[54,98],"aioseo_notices":[],"class_list":["post-4099","post","type-post","status-publish","format-standard","has-post-thumbnail","hentry","category-el-tiempo","category-jairo-libreros","tag-comunicacion-politica","tag-derechos-humanos"],"_links":{"self":[{"href":"https:\/\/jairolibreros.com\/index.php?rest_route=\/wp\/v2\/posts\/4099"}],"collection":[{"href":"https:\/\/jairolibreros.com\/index.php?rest_route=\/wp\/v2\/posts"}],"about":[{"href":"https:\/\/jairolibreros.com\/index.php?rest_route=\/wp\/v2\/types\/post"}],"author":[{"embeddable":true,"href":"https:\/\/jairolibreros.com\/index.php?rest_route=\/wp\/v2\/users\/1"}],"replies":[{"embeddable":true,"href":"https:\/\/jairolibreros.com\/index.php?rest_route=%2Fwp%2Fv2%2Fcomments&post=4099"}],"version-history":[{"count":2,"href":"https:\/\/jairolibreros.com\/index.php?rest_route=\/wp\/v2\/posts\/4099\/revisions"}],"predecessor-version":[{"id":4604,"href":"https:\/\/jairolibreros.com\/index.php?rest_route=\/wp\/v2\/posts\/4099\/revisions\/4604"}],"wp:featuredmedia":[{"embeddable":true,"href":"https:\/\/jairolibreros.com\/index.php?rest_route=\/wp\/v2\/media\/3289"}],"wp:attachment":[{"href":"https:\/\/jairolibreros.com\/index.php?rest_route=%2Fwp%2Fv2%2Fmedia&parent=4099"}],"wp:term":[{"taxonomy":"category","embeddable":true,"href":"https:\/\/jairolibreros.com\/index.php?rest_route=%2Fwp%2Fv2%2Fcategories&post=4099"},{"taxonomy":"post_tag","embeddable":true,"href":"https:\/\/jairolibreros.com\/index.php?rest_route=%2Fwp%2Fv2%2Ftags&post=4099"}],"curies":[{"name":"wp","href":"https:\/\/api.w.org\/{rel}","templated":true}]}}