{"id":4101,"date":"2025-07-28T12:24:57","date_gmt":"2025-07-28T12:24:57","guid":{"rendered":"https:\/\/jairolibreros.com\/?p=4101"},"modified":"2025-09-18T00:44:18","modified_gmt":"2025-09-18T00:44:18","slug":"juicio-a-alvaro-uribe-como-afectara-la-decision-la-contienda-para-las-elecciones-de-2026","status":"publish","type":"post","link":"https:\/\/jairolibreros.com\/?p=4101","title":{"rendered":"Juicio a \u00c1lvaro Uribe: \u00bfC\u00f3mo afectar\u00e1 la decisi\u00f3n la contienda para las elecciones de 2026?"},"content":{"rendered":"<p><span style=\"font-family: tahoma, arial, helvetica, sans-serif; font-size: 14pt;\"><strong>Juicio a \u00c1lvaro Uribe: \u00bfC\u00f3mo afectar\u00e1 la decisi\u00f3n la contienda para las elecciones de 2026?<\/strong><\/span><\/p>\n<p><span style=\"font-family: tahoma, arial, helvetica, sans-serif; font-size: 14pt;\"><em>Caracol Radio \u00b7 Mar\u00eda Paula Pineda \u00b7 28.07.2025<\/em><\/span><\/p>\n<p class=\"p1\" style=\"text-align: center;\"><span style=\"font-family: tahoma, arial, helvetica, sans-serif; font-size: 14pt;\"><strong>Este 28 de julio se llevar\u00e1 a cabo una audiencia clave en donde se conocer\u00e1 el fallo de la jueza sobre el caso del exmandatario de la rep\u00fablica<\/strong><\/span><\/p>\n<!--[if lt IE 9]><script>document.createElement('audio');<\/script><![endif]-->\n<audio class=\"wp-audio-shortcode\" id=\"audio-4101-1\" preload=\"none\" style=\"width: 100%;\" controls=\"controls\"><source type=\"audio\/mpeg\" src=\"https:\/\/jairolibreros.com\/wp-content\/uploads\/2025\/07\/AUDIO-2025-07-25-18-08-39.m4a?_=1\" \/><a href=\"https:\/\/jairolibreros.com\/wp-content\/uploads\/2025\/07\/AUDIO-2025-07-25-18-08-39.m4a\">https:\/\/jairolibreros.com\/wp-content\/uploads\/2025\/07\/AUDIO-2025-07-25-18-08-39.m4a<\/a><\/audio>\n<p>&nbsp;<\/p>\n<p class=\"p1\"><span style=\"font-family: tahoma, arial, helvetica, sans-serif; font-size: 14pt;\">&#8220;<em>Toda decisi\u00f3n judicial que comprometa la responsabilidad penal de un l\u00edder pol\u00edtico en ejercicio afecta los procesos electorales, m\u00e1s aun si de quien hablamos es el expresidente \u00c1lvaro Uribe, qui\u00e9n sigue activo liderando un partido pol\u00edtico en proceso de definici\u00f3n de candidaturas presidenciales y con su nombre en una eventual posici\u00f3n de f\u00f3rmula vicepresidencial.<\/em><\/span><\/p>\n<p class=\"p1\"><span style=\"font-family: tahoma, arial, helvetica, sans-serif; font-size: 14pt;\"><em>Si el fallo consisten en una declaraci\u00f3n judicial de inocencia, inmediatamente se reactiva el proceso de selecci\u00f3n del candidato que va a llevar la posta del Centro Democr\u00e1tico a las elecciones presidenciales, y su nombre como formula vicepresidencia se valorizar\u00e1.<\/em><\/span><\/p>\n<p class=\"p1\"><span style=\"font-family: tahoma, arial, helvetica, sans-serif; font-size: 14pt;\"><em>Sin embargo, si la decisi\u00f3n judicial consiste en el anuncio de una sentencia condenatoria el juego electoral es a otro precio. Algunos copartidarios y seguidores intentar\u00e1n victimizar al expresidente Uribe y al Centro Democr\u00e1tico. Pero este camino es un callej\u00f3n sin salida. Es inviable.<\/em><\/span><\/p>\n<p class=\"p1\"><span style=\"font-family: tahoma, arial, helvetica, sans-serif; font-size: 14pt;\"><em>Lo m\u00e1s seguro es que se presente una fractura inevitable de su liderazgo, que afectar\u00e1 y fraccionar\u00e1 el partido pol\u00edtico, divisi\u00f3n que no se agota en el Centro Democr\u00e1tico, porque los ojos de los electores uribistas trasladar\u00e1n sus preferencias a candidaturas de centro derecha, bajo el entendido que la era de Uribe es cosa del pasado, y en pol\u00edtica el pasado no pone presidente&#8221;<\/em>: <strong>Jairo Libreros<\/strong>.<\/span><\/p>\n<p><span style=\"font-family: tahoma, arial, helvetica, sans-serif; font-size: 14pt;\">El link de Caracol radio con el an\u00e1lisis es el siguiente:<\/span><\/p>\n<p><span style=\"font-family: tahoma, arial, helvetica, sans-serif; font-size: 14pt;\"><span style=\"text-decoration: underline;\"><a href=\"https:\/\/caracol.com.co\/2025\/07\/28\/juicio-a-alvaro-uribe-como-afectara-la-decision-la-contienda-para-las-elecciones-de-2026\/\">https:\/\/caracol.com.co\/2025\/07\/28\/juicio-a-alvaro-uribe-como-afectara-la-decision-la-contienda-para-las-elecciones-de-2026\/<\/a><\/span>\u00a0<\/span><\/p>\n<p style=\"text-align: right;\"><span style=\"text-decoration: underline; font-family: tahoma, arial, helvetica, sans-serif; font-size: 14pt;\"><a href=\"https:\/\/jairolibreros.com\/\"><strong>Blog de Jairo Libreros<\/strong><\/a><\/span><\/p>\n","protected":false},"excerpt":{"rendered":"<p>Juicio a \u00c1lvaro Uribe: \u00bfC\u00f3mo afectar\u00e1 la decisi\u00f3n la contienda para las elecciones de 2026? Caracol Radio \u00b7 Mar\u00eda Paula Pineda \u00b7 28.07.2025 <\/p>\n","protected":false},"author":1,"featured_media":428,"comment_status":"open","ping_status":"open","sticky":false,"template":"","format":"standard","meta":{"om_disable_all_campaigns":false,"_monsterinsights_skip_tracking":false,"_monsterinsights_sitenote_active":false,"_monsterinsights_sitenote_note":"","_monsterinsights_sitenote_category":0,"footnotes":""},"categories":[94,1],"tags":[44,54],"aioseo_notices":[],"class_list":["post-4101","post","type-post","status-publish","format-standard","has-post-thumbnail","hentry","category-caracol-radio","category-jairo-libreros","tag-elecciones","tag-comunicacion-politica"],"_links":{"self":[{"href":"https:\/\/jairolibreros.com\/index.php?rest_route=\/wp\/v2\/posts\/4101"}],"collection":[{"href":"https:\/\/jairolibreros.com\/index.php?rest_route=\/wp\/v2\/posts"}],"about":[{"href":"https:\/\/jairolibreros.com\/index.php?rest_route=\/wp\/v2\/types\/post"}],"author":[{"embeddable":true,"href":"https:\/\/jairolibreros.com\/index.php?rest_route=\/wp\/v2\/users\/1"}],"replies":[{"embeddable":true,"href":"https:\/\/jairolibreros.com\/index.php?rest_route=%2Fwp%2Fv2%2Fcomments&post=4101"}],"version-history":[{"count":3,"href":"https:\/\/jairolibreros.com\/index.php?rest_route=\/wp\/v2\/posts\/4101\/revisions"}],"predecessor-version":[{"id":4606,"href":"https:\/\/jairolibreros.com\/index.php?rest_route=\/wp\/v2\/posts\/4101\/revisions\/4606"}],"wp:featuredmedia":[{"embeddable":true,"href":"https:\/\/jairolibreros.com\/index.php?rest_route=\/wp\/v2\/media\/428"}],"wp:attachment":[{"href":"https:\/\/jairolibreros.com\/index.php?rest_route=%2Fwp%2Fv2%2Fmedia&parent=4101"}],"wp:term":[{"taxonomy":"category","embeddable":true,"href":"https:\/\/jairolibreros.com\/index.php?rest_route=%2Fwp%2Fv2%2Fcategories&post=4101"},{"taxonomy":"post_tag","embeddable":true,"href":"https:\/\/jairolibreros.com\/index.php?rest_route=%2Fwp%2Fv2%2Ftags&post=4101"}],"curies":[{"name":"wp","href":"https:\/\/api.w.org\/{rel}","templated":true}]}}