{"id":4103,"date":"2025-07-27T13:43:08","date_gmt":"2025-07-27T13:43:08","guid":{"rendered":"https:\/\/jairolibreros.com\/?p=4103"},"modified":"2025-10-19T18:44:51","modified_gmt":"2025-10-19T18:44:51","slug":"uribe-en-juicio-la-justicia-toco-las-puertas-del-poder","status":"publish","type":"post","link":"https:\/\/jairolibreros.com\/?p=4103","title":{"rendered":"Uribe en juicio. La justicia toc\u00f3 las puertas del poder"},"content":{"rendered":"<p><span style=\"font-size: 14pt; font-family: tahoma, arial, helvetica, sans-serif;\"><strong>Uribe en juicio. La justicia toc\u00f3 las puertas del poder<\/strong><\/span><\/p>\n<p><span style=\"font-size: 14pt; font-family: tahoma, arial, helvetica, sans-serif;\"><em>Mutante \u00b7 Natalia Duque \u00b7 26.07.2025<\/em><\/span><\/p>\n<figure id=\"attachment_4105\" aria-describedby=\"caption-attachment-4105\" style=\"width: 240px\" class=\"wp-caption alignright\"><img fetchpriority=\"high\" decoding=\"async\" class=\"size-medium wp-image-4105\" src=\"https:\/\/jairolibreros.com\/wp-content\/uploads\/2025\/07\/E8662438-5C58-4BA6-84BF-7E5CF2ECFE7B-240x300.jpg\" alt=\"\" width=\"240\" height=\"300\" srcset=\"https:\/\/jairolibreros.com\/wp-content\/uploads\/2025\/07\/E8662438-5C58-4BA6-84BF-7E5CF2ECFE7B-240x300.jpg 240w, https:\/\/jairolibreros.com\/wp-content\/uploads\/2025\/07\/E8662438-5C58-4BA6-84BF-7E5CF2ECFE7B-820x1024.jpg 820w, https:\/\/jairolibreros.com\/wp-content\/uploads\/2025\/07\/E8662438-5C58-4BA6-84BF-7E5CF2ECFE7B-768x959.jpg 768w, https:\/\/jairolibreros.com\/wp-content\/uploads\/2025\/07\/E8662438-5C58-4BA6-84BF-7E5CF2ECFE7B-1229x1536.jpg 1229w, https:\/\/jairolibreros.com\/wp-content\/uploads\/2025\/07\/E8662438-5C58-4BA6-84BF-7E5CF2ECFE7B-1639x2048.jpg 1639w\" sizes=\"(max-width: 240px) 100vw, 240px\" \/><figcaption id=\"caption-attachment-4105\" class=\"wp-caption-text\">Jairo Libreros. Uribe en juicio. Mutante. 26.07.2025<\/figcaption><\/figure>\n<p class=\"p1\" style=\"text-align: center;\"><span style=\"font-size: 14pt; font-family: tahoma, arial, helvetica, sans-serif;\"><strong>\u00bfUribe culpable o inocente? Este juicio no solo define su futuro, tambi\u00e9n pone a prueba a la justicia<\/strong><\/span><\/p>\n<p class=\"p1\"><span style=\"font-size: 14pt; font-family: tahoma, arial, helvetica, sans-serif;\">Este lunes 28 de abril, a las 8:30 a.m., la jueza fallar\u00e1 en el juicio contra expresidente \u00c1lvaro Uribe V\u00e9lez por los delitos de fraude procesal y soborno.<\/span><\/p>\n<p class=\"p1\"><span style=\"font-size: 14pt; font-family: tahoma, arial, helvetica, sans-serif;\">Est\u00e1 en juego no solo su libertad, sino tambi\u00e9n la legitimidad de la Justicia colombiana y el anhelo por combatir la impunidad en la que las v\u00edctimas de cr\u00edmenes de Estado sienten que han quedado sus casos.<\/span><\/p>\n<p class=\"p1\"><span style=\"font-size: 14pt; font-family: tahoma, arial, helvetica, sans-serif;\">Conversamos con Luisa Mar\u00eda L\u00f3pez y\u00a0Jairo Libreros\u00a0sobre la simbolog\u00eda detr\u00e1s del juicio y lo que est\u00e1 decisi\u00f3n podr\u00eda significar para la forma en la que Uribe ser\u00e1 recordado.<\/span><\/p>\n<div style=\"width: 640px;\" class=\"wp-video\"><!--[if lt IE 9]><script>document.createElement('video');<\/script><![endif]-->\n<video class=\"wp-video-shortcode\" id=\"video-4103-1\" width=\"640\" height=\"800\" preload=\"metadata\" controls=\"controls\"><source type=\"video\/mp4\" src=\"https:\/\/jairolibreros.com\/wp-content\/uploads\/2025\/07\/E4334FC2-4739-41E5-AEC4-E17F374261DE.mp4?_=1\" \/><a href=\"https:\/\/jairolibreros.com\/wp-content\/uploads\/2025\/07\/E4334FC2-4739-41E5-AEC4-E17F374261DE.mp4\">https:\/\/jairolibreros.com\/wp-content\/uploads\/2025\/07\/E4334FC2-4739-41E5-AEC4-E17F374261DE.mp4<\/a><\/video><\/div>\n<p>&nbsp;<\/p>\n<p><span style=\"font-size: 14pt; font-family: tahoma, arial, helvetica, sans-serif;\">El pdf de Mutante con mi an\u00e1lisis es el siguiente:<\/span><\/p>\n<p><span style=\"font-size: 14pt; font-family: tahoma, arial, helvetica, sans-serif;\"><span style=\"text-decoration: underline;\"><a href=\"https:\/\/jairolibreros.com\/wp-content\/uploads\/2025\/07\/Uribe-en-juicio.-La-justicia-toco-las-puertas-del-poder.-Mutante.-26.07.2025.pdf\">Uribe en juicio. La justicia toco\u0301 las puertas del poder. Mutante. 26.07.2025<\/a><\/span>\u00a0<\/span><\/p>\n<div style=\"width: 640px;\" class=\"wp-video\"><video class=\"wp-video-shortcode\" id=\"video-4103-2\" width=\"640\" height=\"800\" preload=\"metadata\" controls=\"controls\"><source type=\"video\/mp4\" src=\"https:\/\/jairolibreros.com\/wp-content\/uploads\/2025\/07\/6820E351-8985-425F-9840-481B1FB1C4C5.mp4?_=2\" \/><a href=\"https:\/\/jairolibreros.com\/wp-content\/uploads\/2025\/07\/6820E351-8985-425F-9840-481B1FB1C4C5.mp4\">https:\/\/jairolibreros.com\/wp-content\/uploads\/2025\/07\/6820E351-8985-425F-9840-481B1FB1C4C5.mp4<\/a><\/video><\/div>\n<p>&nbsp;<\/p>\n<p><span style=\"font-size: 14pt; font-family: tahoma, arial, helvetica, sans-serif;\">El link de Mutante con el an\u00e1lisis es el siguiente:<\/span><\/p>\n<p><span style=\"font-size: 14pt; font-family: tahoma, arial, helvetica, sans-serif;\"><span style=\"text-decoration: underline;\"><a href=\"https:\/\/mutante.org\/contenidos\/uribe-en-juicio-la-justicia-toco-las-puertas-del-poder\/\">https:\/\/mutante.org\/contenidos\/uribe-en-juicio-la-justicia-toco-las-puertas-del-poder\/<\/a><\/span>\u00a0<\/span><\/p>\n<p style=\"text-align: right;\"><span style=\"text-decoration: underline; font-size: 14pt; font-family: tahoma, arial, helvetica, sans-serif;\"><a href=\"https:\/\/jairolibreros.com\/\"><strong>Blog de Jairo Libreros<\/strong><\/a><\/span><\/p>\n","protected":false},"excerpt":{"rendered":"<p>Uribe en juicio. La justicia toc\u00f3 las puertas del poder Mutante \u00b7 Natalia Duque \u00b7 26.07.2025 \u00bfUribe culpable o inocente? Este juicio no <\/p>\n","protected":false},"author":1,"featured_media":4109,"comment_status":"open","ping_status":"open","sticky":false,"template":"","format":"standard","meta":{"om_disable_all_campaigns":false,"_monsterinsights_skip_tracking":false,"_monsterinsights_sitenote_active":false,"_monsterinsights_sitenote_note":"","_monsterinsights_sitenote_category":0,"footnotes":""},"categories":[1,96],"tags":[54],"aioseo_notices":[],"class_list":["post-4103","post","type-post","status-publish","format-standard","has-post-thumbnail","hentry","category-jairo-libreros","category-universidad-externado","tag-comunicacion-politica"],"_links":{"self":[{"href":"https:\/\/jairolibreros.com\/index.php?rest_route=\/wp\/v2\/posts\/4103"}],"collection":[{"href":"https:\/\/jairolibreros.com\/index.php?rest_route=\/wp\/v2\/posts"}],"about":[{"href":"https:\/\/jairolibreros.com\/index.php?rest_route=\/wp\/v2\/types\/post"}],"author":[{"embeddable":true,"href":"https:\/\/jairolibreros.com\/index.php?rest_route=\/wp\/v2\/users\/1"}],"replies":[{"embeddable":true,"href":"https:\/\/jairolibreros.com\/index.php?rest_route=%2Fwp%2Fv2%2Fcomments&post=4103"}],"version-history":[{"count":3,"href":"https:\/\/jairolibreros.com\/index.php?rest_route=\/wp\/v2\/posts\/4103\/revisions"}],"predecessor-version":[{"id":4605,"href":"https:\/\/jairolibreros.com\/index.php?rest_route=\/wp\/v2\/posts\/4103\/revisions\/4605"}],"wp:featuredmedia":[{"embeddable":true,"href":"https:\/\/jairolibreros.com\/index.php?rest_route=\/wp\/v2\/media\/4109"}],"wp:attachment":[{"href":"https:\/\/jairolibreros.com\/index.php?rest_route=%2Fwp%2Fv2%2Fmedia&parent=4103"}],"wp:term":[{"taxonomy":"category","embeddable":true,"href":"https:\/\/jairolibreros.com\/index.php?rest_route=%2Fwp%2Fv2%2Fcategories&post=4103"},{"taxonomy":"post_tag","embeddable":true,"href":"https:\/\/jairolibreros.com\/index.php?rest_route=%2Fwp%2Fv2%2Ftags&post=4103"}],"curies":[{"name":"wp","href":"https:\/\/api.w.org\/{rel}","templated":true}]}}