{"id":4141,"date":"2025-07-29T21:13:15","date_gmt":"2025-07-29T21:13:15","guid":{"rendered":"https:\/\/jairolibreros.com\/?p=4141"},"modified":"2025-09-17T23:58:24","modified_gmt":"2025-09-17T23:58:24","slug":"que-impacto-tendra-la-condena-en-primera-instancia-contra-el-expresidente-alvaro-uribe-velez-en-las-elecciones-presidenciales-de-2026","status":"publish","type":"post","link":"https:\/\/jairolibreros.com\/?p=4141","title":{"rendered":"\u00bfQu\u00e9 impacto tendr\u00e1 la condena en primera instancia contra el expresidente \u00c1lvaro Uribe V\u00e9lez en las elecciones presidenciales de 2026?"},"content":{"rendered":"<p><span style=\"font-family: tahoma, arial, helvetica, sans-serif; font-size: 14pt;\"><strong>\u00bfQu\u00e9 impacto tendr\u00e1 la condena en primera instancia contra el expresidente \u00c1lvaro Uribe V\u00e9lez en las elecciones presidenciales de 2026?<\/strong><\/span><\/p>\n<p><span style=\"font-family: tahoma, arial, helvetica, sans-serif; font-size: 14pt;\"><em>El Tiempo \u00b7 Mateo Garc\u00eda \u00b7 29.07.2025<\/em><\/span><\/p>\n<p class=\"p1\" style=\"text-align: center;\"><span style=\"font-family: tahoma, arial, helvetica, sans-serif; font-size: 14pt;\"><strong>Este lunes 28 de julio el exmandatario fue hallado culpable por\u00a0soborno, fraude procesal y manipulaci\u00f3n de testigos. Habr\u00e1 segunda instancia<\/strong><\/span><\/p>\n<p>&nbsp;<\/p>\n<p class=\"p1\"><span style=\"font-family: tahoma, arial, helvetica, sans-serif; font-size: 14pt;\">&#8220;<em>En t\u00e9rminos electorales es una victoria para sectores afines a la izquierda. Es una dosis de gasolina<span class=\"Apple-converted-space\">\u00a0 <\/span>que les otorga millas de vuelo para justificar medi\u00e1ticamente sus ataques en contra del expresidente \u00c1lvaro Uribe Velez y, al mismo tiempo, mantener el discurso de descalificaci\u00f3n de la derecha por inviabilidad pol\u00edtica para las elecciones legislativas y presidenciales de 2026.<\/em><\/span><\/p>\n<p class=\"p1\"><span style=\"font-family: tahoma, arial, helvetica, sans-serif; font-size: 14pt;\"><em>Y en t\u00e9rminos partidistas, el Centro Democr\u00e1tico llevar\u00eda la peor parte, porque los obligar\u00e1 a impulsar una estrategia consistente en desmarcarse electoralmente de Uribe V\u00e9lez hasta el mes de octubre de 2025 cuando el Tribunal Superior de Bogot\u00e1 resuelva en segunda instancia la apelaci\u00f3n que se surtir\u00e1. En ese lapso se puede presentar una fractura de liderazgos por la indefinici\u00f3n de quien asumir\u00e1 la posta para las elecciones presidenciales.<\/em><\/span><\/p>\n<p class=\"p1\"><span style=\"font-family: tahoma, arial, helvetica, sans-serif; font-size: 14pt;\"><em>En conclusi\u00f3n, el Centro Democr\u00e1tico llegar\u00eda a las elecciones de coaliciones interpartidistas de marzo de 2026 completamente debilitado<\/em>&#8220;: <strong>Jairo Libreros<\/strong>.<\/span><\/p>\n<p><span style=\"font-family: tahoma, arial, helvetica, sans-serif; font-size: 14pt;\">El link de El Tiempo con mi an\u00e1lisis es el siguiente:<\/span><\/p>\n<p><span style=\"font-family: tahoma, arial, helvetica, sans-serif; font-size: 14pt;\"><span style=\"text-decoration: underline;\"><a href=\"https:\/\/www.eltiempo.com\/politica\/partidos-politicos\/los-escenarios-politicos-tras-la-condena-contra-el-expresidente-alvaro-uribe-velez-que-implicaciones-tendra-en-las-elecciones-de-2026-3476198\">https:\/\/www.eltiempo.com\/politica\/partidos-politicos\/los-escenarios-politicos-tras-la-condena-contra-el-expresidente-alvaro-uribe-velez-que-implicaciones-tendra-en-las-elecciones-de-2026-3476198<\/a><\/span>\u00a0<\/span><\/p>\n<p style=\"text-align: right;\"><span style=\"text-decoration: underline; font-family: tahoma, arial, helvetica, sans-serif; font-size: 14pt;\"><a href=\"https:\/\/jairolibreros.com\/\"><strong>Blog de Jairo Libreros<\/strong><\/a><\/span><\/p>\n","protected":false},"excerpt":{"rendered":"<p>\u00bfQu\u00e9 impacto tendr\u00e1 la condena en primera instancia contra el expresidente \u00c1lvaro Uribe V\u00e9lez en las elecciones presidenciales de 2026? El Tiempo \u00b7 <\/p>\n","protected":false},"author":1,"featured_media":3296,"comment_status":"open","ping_status":"open","sticky":false,"template":"","format":"standard","meta":{"om_disable_all_campaigns":false,"_monsterinsights_skip_tracking":false,"_monsterinsights_sitenote_active":false,"_monsterinsights_sitenote_note":"","_monsterinsights_sitenote_category":0,"footnotes":""},"categories":[95,1],"tags":[44,54],"aioseo_notices":[],"class_list":["post-4141","post","type-post","status-publish","format-standard","has-post-thumbnail","hentry","category-el-tiempo","category-jairo-libreros","tag-elecciones","tag-comunicacion-politica"],"_links":{"self":[{"href":"https:\/\/jairolibreros.com\/index.php?rest_route=\/wp\/v2\/posts\/4141"}],"collection":[{"href":"https:\/\/jairolibreros.com\/index.php?rest_route=\/wp\/v2\/posts"}],"about":[{"href":"https:\/\/jairolibreros.com\/index.php?rest_route=\/wp\/v2\/types\/post"}],"author":[{"embeddable":true,"href":"https:\/\/jairolibreros.com\/index.php?rest_route=\/wp\/v2\/users\/1"}],"replies":[{"embeddable":true,"href":"https:\/\/jairolibreros.com\/index.php?rest_route=%2Fwp%2Fv2%2Fcomments&post=4141"}],"version-history":[{"count":6,"href":"https:\/\/jairolibreros.com\/index.php?rest_route=\/wp\/v2\/posts\/4141\/revisions"}],"predecessor-version":[{"id":4567,"href":"https:\/\/jairolibreros.com\/index.php?rest_route=\/wp\/v2\/posts\/4141\/revisions\/4567"}],"wp:featuredmedia":[{"embeddable":true,"href":"https:\/\/jairolibreros.com\/index.php?rest_route=\/wp\/v2\/media\/3296"}],"wp:attachment":[{"href":"https:\/\/jairolibreros.com\/index.php?rest_route=%2Fwp%2Fv2%2Fmedia&parent=4141"}],"wp:term":[{"taxonomy":"category","embeddable":true,"href":"https:\/\/jairolibreros.com\/index.php?rest_route=%2Fwp%2Fv2%2Fcategories&post=4141"},{"taxonomy":"post_tag","embeddable":true,"href":"https:\/\/jairolibreros.com\/index.php?rest_route=%2Fwp%2Fv2%2Ftags&post=4141"}],"curies":[{"name":"wp","href":"https:\/\/api.w.org\/{rel}","templated":true}]}}