{"id":4146,"date":"2025-07-29T13:26:40","date_gmt":"2025-07-29T13:26:40","guid":{"rendered":"https:\/\/jairolibreros.com\/?p=4146"},"modified":"2025-09-18T00:44:56","modified_gmt":"2025-09-18T00:44:56","slug":"soy-la-voz-de-quienes-consideramos-que-un-fallo-en-derecho-no-vulnera-la-estabilidad-politica-de-nuestra-democracia-constitucional","status":"publish","type":"post","link":"https:\/\/jairolibreros.com\/?p=4146","title":{"rendered":"Soy la voz de qui\u00e9nes consideramos que un fallo en derecho no vulnera la estabilidad pol\u00edtica de nuestra democracia constitucional"},"content":{"rendered":"<p><span style=\"font-family: tahoma, arial, helvetica, sans-serif; font-size: 14pt;\"><strong>Soy la voz de qui\u00e9nes consideramos que un fallo en derecho, por controversial que este sea, no vulnera la estabilidad pol\u00edtica de nuestra democracia constitucional<\/strong><\/span><\/p>\n<p><span style=\"font-family: tahoma, arial, helvetica, sans-serif; font-size: 14pt;\"><em><a class=\"css-4rbku5 css-18t94o4 css-901oao css-16my406 r-1cvl2hr r-1loqt21 r-poiln3 r-bcqeeo r-1ny4l3l r-1ddef8g r-tjvw6i r-qvutc0\" dir=\"ltr\" role=\"link\" href=\"https:\/\/twitter.com\/hashtag\/SoyLaVoz?src=hashtag_click\">#SoyLaVoz<\/a> \u00b7 6AM \u00b7 Caracol Radio \u00b7 29.07.2025<\/em><\/span><\/p>\n<!--[if lt IE 9]><script>document.createElement('audio');<\/script><![endif]-->\n<audio class=\"wp-audio-shortcode\" id=\"audio-4146-1\" preload=\"none\" style=\"width: 100%;\" controls=\"controls\"><source type=\"audio\/mpeg\" src=\"https:\/\/jairolibreros.com\/wp-content\/uploads\/2025\/07\/AUDIO-2025-07-28-23-31-54.m4a?_=1\" \/><a href=\"https:\/\/jairolibreros.com\/wp-content\/uploads\/2025\/07\/AUDIO-2025-07-28-23-31-54.m4a\">https:\/\/jairolibreros.com\/wp-content\/uploads\/2025\/07\/AUDIO-2025-07-28-23-31-54.m4a<\/a><\/audio>\n<p>&nbsp;<\/p>\n<p class=\"p1\"><span style=\"font-family: tahoma, arial, helvetica, sans-serif; font-size: 14pt;\">Hola, les habla <b>Jairo Libreros<\/b>, profesor de la Universidad Externado de Colombia, y soy la voz de qui\u00e9nes consideramos que un fallo en derecho, por controversial que este sea, no vulnera la estabilidad pol\u00edtica de nuestra democracia constitucional.<\/span><\/p>\n<p class=\"p1\"><span style=\"font-family: tahoma, arial, helvetica, sans-serif; font-size: 14pt;\">Cuando hablamos de la fortaleza de las instituciones pol\u00edticas hacemos referencia a un sistema de entidades, procesos y servidores p\u00fablicos que defienden la vigencia del Estado de derecho, lo cual sin duda est\u00e1 relacionado con el respeto a las instancias que imparten justicia.<\/span><\/p>\n<p class=\"p1\"><span style=\"font-family: tahoma, arial, helvetica, sans-serif; font-size: 14pt;\">En el caso del expresidente \u00c1lvaro Uribe Velez, algunos rechazaron la judicializaci\u00f3n de la pol\u00edtica, otros objetaron la politizaci\u00f3n de la justicia. Seguramente, algo de raz\u00f3n tendr\u00e1n quienes defienden esos extremos. Sin embargo, \u00bfen qu\u00e9 momento del proceso se discutieron c\u00f3mo pruebas judiciales evidencias pol\u00edticas? Nunca\u2026<\/span><\/p>\n<p class=\"p1\"><span style=\"font-family: tahoma, arial, helvetica, sans-serif; font-size: 14pt;\">En conclusi\u00f3n, la sentencia contra Uribe Velez es un fallo en derecho que se puede recurrir. En septiembre, cuando el Tribunal Superior de Bogot\u00e1 se pronuncie en segunda instancia, confirmaremos la premisa de Marroqu\u00edn en la Perrilla: \u201c<i>\u2026en m\u00e1s de una ocasi\u00f3n sale lo que no se espera\u2026<\/i>\u201d.<\/span><\/p>\n<p style=\"text-align: right;\"><span style=\"text-decoration: underline; font-family: tahoma, arial, helvetica, sans-serif; font-size: 14pt;\"><a href=\"https:\/\/jairolibreros.com\/\"><strong>Blog de Jairo Libreros<\/strong><\/a><\/span><\/p>\n","protected":false},"excerpt":{"rendered":"<p>Soy la voz de qui\u00e9nes consideramos que un fallo en derecho, por controversial que este sea, no vulnera la estabilidad pol\u00edtica de nuestra <\/p>\n","protected":false},"author":1,"featured_media":428,"comment_status":"open","ping_status":"open","sticky":false,"template":"","format":"standard","meta":{"om_disable_all_campaigns":false,"_monsterinsights_skip_tracking":false,"_monsterinsights_sitenote_active":false,"_monsterinsights_sitenote_note":"","_monsterinsights_sitenote_category":0,"footnotes":""},"categories":[94,1],"tags":[54],"aioseo_notices":[],"class_list":["post-4146","post","type-post","status-publish","format-standard","has-post-thumbnail","hentry","category-caracol-radio","category-jairo-libreros","tag-comunicacion-politica"],"_links":{"self":[{"href":"https:\/\/jairolibreros.com\/index.php?rest_route=\/wp\/v2\/posts\/4146"}],"collection":[{"href":"https:\/\/jairolibreros.com\/index.php?rest_route=\/wp\/v2\/posts"}],"about":[{"href":"https:\/\/jairolibreros.com\/index.php?rest_route=\/wp\/v2\/types\/post"}],"author":[{"embeddable":true,"href":"https:\/\/jairolibreros.com\/index.php?rest_route=\/wp\/v2\/users\/1"}],"replies":[{"embeddable":true,"href":"https:\/\/jairolibreros.com\/index.php?rest_route=%2Fwp%2Fv2%2Fcomments&post=4146"}],"version-history":[{"count":3,"href":"https:\/\/jairolibreros.com\/index.php?rest_route=\/wp\/v2\/posts\/4146\/revisions"}],"predecessor-version":[{"id":4607,"href":"https:\/\/jairolibreros.com\/index.php?rest_route=\/wp\/v2\/posts\/4146\/revisions\/4607"}],"wp:featuredmedia":[{"embeddable":true,"href":"https:\/\/jairolibreros.com\/index.php?rest_route=\/wp\/v2\/media\/428"}],"wp:attachment":[{"href":"https:\/\/jairolibreros.com\/index.php?rest_route=%2Fwp%2Fv2%2Fmedia&parent=4146"}],"wp:term":[{"taxonomy":"category","embeddable":true,"href":"https:\/\/jairolibreros.com\/index.php?rest_route=%2Fwp%2Fv2%2Fcategories&post=4146"},{"taxonomy":"post_tag","embeddable":true,"href":"https:\/\/jairolibreros.com\/index.php?rest_route=%2Fwp%2Fv2%2Ftags&post=4146"}],"curies":[{"name":"wp","href":"https:\/\/api.w.org\/{rel}","templated":true}]}}