{"id":4150,"date":"2025-07-29T21:04:26","date_gmt":"2025-07-29T21:04:26","guid":{"rendered":"https:\/\/jairolibreros.com\/?p=4150"},"modified":"2025-09-18T00:41:31","modified_gmt":"2025-09-18T00:41:31","slug":"que-viene-tras-condena-al-expresidente-uribe","status":"publish","type":"post","link":"https:\/\/jairolibreros.com\/?p=4150","title":{"rendered":"\u00bfQu\u00e9 viene tras condena al expresidente Uribe?"},"content":{"rendered":"<p><span style=\"font-size: 14pt; font-family: tahoma, arial, helvetica, sans-serif;\"><strong>\u00bfQu\u00e9 viene tras condena al expresidente Uribe?<\/strong><\/span><\/p>\n<figure id=\"attachment_4153\" aria-describedby=\"caption-attachment-4153\" style=\"width: 300px\" class=\"wp-caption alignleft\"><img fetchpriority=\"high\" decoding=\"async\" class=\"size-medium wp-image-4153\" src=\"https:\/\/jairolibreros.com\/wp-content\/uploads\/2025\/07\/IMG_1428-300x168.jpeg\" alt=\"\" width=\"300\" height=\"168\" srcset=\"https:\/\/jairolibreros.com\/wp-content\/uploads\/2025\/07\/IMG_1428-300x168.jpeg 300w, https:\/\/jairolibreros.com\/wp-content\/uploads\/2025\/07\/IMG_1428-768x431.jpeg 768w, https:\/\/jairolibreros.com\/wp-content\/uploads\/2025\/07\/IMG_1428.jpeg 825w\" sizes=\"(max-width: 300px) 100vw, 300px\" \/><figcaption id=\"caption-attachment-4153\" class=\"wp-caption-text\">Jairo Libreros. Sentido de fallo condenatorio. \u00c1lvaro Uribe. El Tiempo. 2025<\/figcaption><\/figure>\n<p><span style=\"font-size: 14pt; font-family: tahoma, arial, helvetica, sans-serif;\"><em>El Tiempo \u00b7 Jhon Torres y Marta Soto \u00b7 29.07.2025<\/em><\/span><\/p>\n<p><span style=\"font-size: 14pt; font-family: tahoma, arial, helvetica, sans-serif;\"><span class=\"yt-core-attributed-string--link-inherit-color\" dir=\"auto\">Editores de <\/span><span class=\"yt-core-attributed-string--link-inherit-color\" dir=\"auto\"><a class=\"yt-core-attributed-string__link yt-core-attributed-string__link--call-to-action-color\" tabindex=\"0\" href=\"https:\/\/www.youtube.com\/hashtag\/eltiempo\" target=\"\" rel=\"noopener\">#ELTIEMPO<\/a><\/span><span class=\"yt-core-attributed-string--link-inherit-color\" dir=\"auto\">, analistas y actores <\/span><span class=\"yt-core-attributed-string--link-inherit-color\" dir=\"auto\"><a class=\"yt-core-attributed-string__link yt-core-attributed-string__link--call-to-action-color\" tabindex=\"0\" href=\"https:\/\/www.youtube.com\/hashtag\/pol%C3%ADticos\" target=\"\" rel=\"noopener\">#pol\u00edticos<\/a><\/span><span class=\"yt-core-attributed-string--link-inherit-color\" dir=\"auto\"> analizan la decisi\u00f3n de la jueza, qu\u00e9 hall\u00f3 culpable al exmandatario.<\/span><\/span><\/p>\n<p>&nbsp;<\/p>\n<p><span style=\"font-size: 14pt; font-family: tahoma, arial, helvetica, sans-serif;\">Mi an\u00e1lisis en El Tiempo es el siguiente:<\/span><\/p>\n<p><iframe hcb-fetch-image-from=\"https:\/\/www.youtube.com\/watch?v=VlOXs1z7ftA&amp;t=2251s\" title=\"#EnVIVO: \u00bfQu\u00e9 viene tras condena al expresidente Uribe? | El Tiempo\" width=\"640\" height=\"360\" src=\"https:\/\/www.youtube.com\/embed\/VlOXs1z7ftA?start=2251&#038;feature=oembed\" frameborder=\"0\" allow=\"accelerometer; autoplay; clipboard-write; encrypted-media; gyroscope; picture-in-picture; web-share\" referrerpolicy=\"strict-origin-when-cross-origin\" allowfullscreen><\/iframe><\/p>\n<p style=\"text-align: right;\"><span style=\"text-decoration: underline; font-size: 14pt; font-family: tahoma, arial, helvetica, sans-serif;\"><a href=\"https:\/\/jairolibreros.com\/\"><strong>Blog de Jairo Libreros<\/strong><\/a><\/span><\/p>\n","protected":false},"excerpt":{"rendered":"<p>\u00bfQu\u00e9 viene tras condena al expresidente Uribe? El Tiempo \u00b7 Jhon Torres y Marta Soto \u00b7 29.07.2025 Editores de #ELTIEMPO, analistas y actores <\/p>\n","protected":false},"author":1,"featured_media":4152,"comment_status":"open","ping_status":"open","sticky":false,"template":"","format":"standard","meta":{"om_disable_all_campaigns":false,"_monsterinsights_skip_tracking":false,"_monsterinsights_sitenote_active":false,"_monsterinsights_sitenote_note":"","_monsterinsights_sitenote_category":0,"footnotes":""},"categories":[95,1],"tags":[44,54],"aioseo_notices":[],"class_list":["post-4150","post","type-post","status-publish","format-standard","has-post-thumbnail","hentry","category-el-tiempo","category-jairo-libreros","tag-elecciones","tag-comunicacion-politica"],"_links":{"self":[{"href":"https:\/\/jairolibreros.com\/index.php?rest_route=\/wp\/v2\/posts\/4150"}],"collection":[{"href":"https:\/\/jairolibreros.com\/index.php?rest_route=\/wp\/v2\/posts"}],"about":[{"href":"https:\/\/jairolibreros.com\/index.php?rest_route=\/wp\/v2\/types\/post"}],"author":[{"embeddable":true,"href":"https:\/\/jairolibreros.com\/index.php?rest_route=\/wp\/v2\/users\/1"}],"replies":[{"embeddable":true,"href":"https:\/\/jairolibreros.com\/index.php?rest_route=%2Fwp%2Fv2%2Fcomments&post=4150"}],"version-history":[{"count":3,"href":"https:\/\/jairolibreros.com\/index.php?rest_route=\/wp\/v2\/posts\/4150\/revisions"}],"predecessor-version":[{"id":4602,"href":"https:\/\/jairolibreros.com\/index.php?rest_route=\/wp\/v2\/posts\/4150\/revisions\/4602"}],"wp:featuredmedia":[{"embeddable":true,"href":"https:\/\/jairolibreros.com\/index.php?rest_route=\/wp\/v2\/media\/4152"}],"wp:attachment":[{"href":"https:\/\/jairolibreros.com\/index.php?rest_route=%2Fwp%2Fv2%2Fmedia&parent=4150"}],"wp:term":[{"taxonomy":"category","embeddable":true,"href":"https:\/\/jairolibreros.com\/index.php?rest_route=%2Fwp%2Fv2%2Fcategories&post=4150"},{"taxonomy":"post_tag","embeddable":true,"href":"https:\/\/jairolibreros.com\/index.php?rest_route=%2Fwp%2Fv2%2Ftags&post=4150"}],"curies":[{"name":"wp","href":"https:\/\/api.w.org\/{rel}","templated":true}]}}