{"id":4157,"date":"2025-07-30T19:00:05","date_gmt":"2025-07-30T19:00:05","guid":{"rendered":"https:\/\/jairolibreros.com\/?p=4157"},"modified":"2025-09-18T00:15:50","modified_gmt":"2025-09-18T00:15:50","slug":"el-orden-publico-de-cara-a-las-elecciones-de-2026","status":"publish","type":"post","link":"https:\/\/jairolibreros.com\/?p=4157","title":{"rendered":"El orden p\u00fablico de cara a las elecciones de 2026"},"content":{"rendered":"<p><span style=\"font-size: 14pt; font-family: tahoma, arial, helvetica, sans-serif;\"><strong>El orden p\u00fablico de cara a las elecciones de 2026<\/strong><\/span><\/p>\n<p class=\"p1\"><span style=\"font-size: 14pt; font-family: tahoma, arial, helvetica, sans-serif;\"><em>Derecho a la Carta \u00b7 Departamento de Derecho Constitucional \u00b7 Universidad Externado de Colombia \u00b7 30.07.2025<\/em><\/span><\/p>\n<figure id=\"attachment_4159\" aria-describedby=\"caption-attachment-4159\" style=\"width: 300px\" class=\"wp-caption alignleft\"><img fetchpriority=\"high\" decoding=\"async\" class=\"size-medium wp-image-4159\" src=\"https:\/\/jairolibreros.com\/wp-content\/uploads\/2025\/07\/b6e6c18d-b82e-4256-b3bb-dccbf870a514-300x225.jpg\" alt=\"\" width=\"300\" height=\"225\" srcset=\"https:\/\/jairolibreros.com\/wp-content\/uploads\/2025\/07\/b6e6c18d-b82e-4256-b3bb-dccbf870a514-300x225.jpg 300w, https:\/\/jairolibreros.com\/wp-content\/uploads\/2025\/07\/b6e6c18d-b82e-4256-b3bb-dccbf870a514-1024x768.jpg 1024w, https:\/\/jairolibreros.com\/wp-content\/uploads\/2025\/07\/b6e6c18d-b82e-4256-b3bb-dccbf870a514-768x576.jpg 768w, https:\/\/jairolibreros.com\/wp-content\/uploads\/2025\/07\/b6e6c18d-b82e-4256-b3bb-dccbf870a514-1536x1152.jpg 1536w, https:\/\/jairolibreros.com\/wp-content\/uploads\/2025\/07\/b6e6c18d-b82e-4256-b3bb-dccbf870a514.jpg 1600w\" sizes=\"(max-width: 300px) 100vw, 300px\" \/><figcaption id=\"caption-attachment-4159\" class=\"wp-caption-text\"><span style=\"font-size: 10pt;\">Edgar Solano, Daniela Mart\u00ednez, Gonzalo Ram\u00edrez y Jairo Libreros. Especializaci\u00f3n en Defensa y Seguridad Internacional. Universidad Externado de Colombia. 2025<\/span><\/figcaption><\/figure>\n<p class=\"p1\"><span style=\"font-size: 14pt; font-family: tahoma, arial, helvetica, sans-serif;\">En este episodio de Derecho a la Carta <strong>Jairo Libreros y Edgar Solano, docentes de la Universidad Externado<\/strong>, analizan el conflicto armado y la violencia en Colombia de cara a las elecciones de 2026.<\/span><\/p>\n<p class=\"p1\"><span style=\"font-size: 14pt; font-family: tahoma, arial, helvetica, sans-serif;\">Hablan sobre el deterioro del orden p\u00fablico en varias regiones y el aumento de delitos en las principales ciudades. Un di\u00e1logo clave sobre seguridad y democracia.<span class=\"Apple-converted-space\">\u00a0<\/span><\/span><\/p>\n<p><span style=\"font-size: 14pt; font-family: tahoma, arial, helvetica, sans-serif;\">Igualmente, se presenta la especializaci\u00f3n en <span style=\"text-decoration: underline;\"><a href=\"https:\/\/jairolibreros.com\/?p=4071\">Pol\u00edticas de Defensa y Seguridad Internacional<\/a><\/span>, que abrir\u00e1 su primera promoci\u00f3n en el mes de agosto de 2025.<\/span><\/p>\n<p><span style=\"font-size: 14pt; font-family: tahoma, arial, helvetica, sans-serif;\">El link del podcast de Derecho a la Carta es el siguiente:<\/span><\/p>\n<p><iframe hcb-fetch-image-from=\"https:\/\/open.spotify.com\/episode\/6OoaOUMyqaYqFItTC59vOW?si=0kPn5DokQQ27fq1kZ6vowA&amp;nd=1&amp;dlsi=75a4c8c9035d4ff1&nbsp;\" title=\"Spotify Embed: 411 - Orden p\u00fablico de cara a las elecciones de 2026\" style=\"border-radius: 12px\" width=\"100%\" height=\"152\" frameborder=\"0\" allowfullscreen allow=\"autoplay; clipboard-write; encrypted-media; fullscreen; picture-in-picture\" loading=\"lazy\" src=\"https:\/\/open.spotify.com\/embed\/episode\/6OoaOUMyqaYqFItTC59vOW?si=0kPn5DokQQ27fq1kZ6vowA&#038;nd=1&#038;dlsi=75a4c8c9035d4ff1&#038;nbsp%3B=&#038;utm_source=oembed\"><\/iframe><\/p>\n<p style=\"text-align: right;\"><span style=\"text-decoration: underline; font-size: 14pt; font-family: tahoma, arial, helvetica, sans-serif;\"><a href=\"https:\/\/jairolibreros.com\/\"><strong>Blog de Jairo Libreros<\/strong><\/a><\/span><\/p>\n","protected":false},"excerpt":{"rendered":"<p>El orden p\u00fablico de cara a las elecciones de 2026 Derecho a la Carta \u00b7 Departamento de Derecho Constitucional \u00b7 Universidad Externado de <\/p>\n","protected":false},"author":1,"featured_media":4158,"comment_status":"open","ping_status":"open","sticky":false,"template":"","format":"standard","meta":{"om_disable_all_campaigns":false,"_monsterinsights_skip_tracking":false,"_monsterinsights_sitenote_active":false,"_monsterinsights_sitenote_note":"","_monsterinsights_sitenote_category":0,"footnotes":""},"categories":[1,96],"tags":[54,90,39],"aioseo_notices":[],"class_list":["post-4157","post","type-post","status-publish","format-standard","has-post-thumbnail","hentry","category-jairo-libreros","category-universidad-externado","tag-comunicacion-politica","tag-seguridad-y-defensa-nacional","tag-seguridad-ciudadana"],"_links":{"self":[{"href":"https:\/\/jairolibreros.com\/index.php?rest_route=\/wp\/v2\/posts\/4157"}],"collection":[{"href":"https:\/\/jairolibreros.com\/index.php?rest_route=\/wp\/v2\/posts"}],"about":[{"href":"https:\/\/jairolibreros.com\/index.php?rest_route=\/wp\/v2\/types\/post"}],"author":[{"embeddable":true,"href":"https:\/\/jairolibreros.com\/index.php?rest_route=\/wp\/v2\/users\/1"}],"replies":[{"embeddable":true,"href":"https:\/\/jairolibreros.com\/index.php?rest_route=%2Fwp%2Fv2%2Fcomments&post=4157"}],"version-history":[{"count":2,"href":"https:\/\/jairolibreros.com\/index.php?rest_route=\/wp\/v2\/posts\/4157\/revisions"}],"predecessor-version":[{"id":4568,"href":"https:\/\/jairolibreros.com\/index.php?rest_route=\/wp\/v2\/posts\/4157\/revisions\/4568"}],"wp:featuredmedia":[{"embeddable":true,"href":"https:\/\/jairolibreros.com\/index.php?rest_route=\/wp\/v2\/media\/4158"}],"wp:attachment":[{"href":"https:\/\/jairolibreros.com\/index.php?rest_route=%2Fwp%2Fv2%2Fmedia&parent=4157"}],"wp:term":[{"taxonomy":"category","embeddable":true,"href":"https:\/\/jairolibreros.com\/index.php?rest_route=%2Fwp%2Fv2%2Fcategories&post=4157"},{"taxonomy":"post_tag","embeddable":true,"href":"https:\/\/jairolibreros.com\/index.php?rest_route=%2Fwp%2Fv2%2Ftags&post=4157"}],"curies":[{"name":"wp","href":"https:\/\/api.w.org\/{rel}","templated":true}]}}