{"id":4166,"date":"2025-08-03T15:20:48","date_gmt":"2025-08-03T15:20:48","guid":{"rendered":"https:\/\/jairolibreros.com\/?p=4166"},"modified":"2025-10-19T18:44:00","modified_gmt":"2025-10-19T18:44:00","slug":"que-pasara-con-el-centro-democratico-sin-su-jefe-alvaro-uribe-velez","status":"publish","type":"post","link":"https:\/\/jairolibreros.com\/?p=4166","title":{"rendered":"Qu\u00e9 pasar\u00e1 con el Centro Democr\u00e1tico sin su jefe \u00c1lvaro Uribe V\u00e9lez?"},"content":{"rendered":"<p><span style=\"font-size: 14pt; font-family: tahoma, arial, helvetica, sans-serif;\"><strong>Qu\u00e9 pasar\u00e1 con el Centro Democr\u00e1tico sin su jefe \u00c1lvaro Uribe V\u00e9lez?<\/strong><\/span><\/p>\n<p><span style=\"font-size: 14pt; font-family: tahoma, arial, helvetica, sans-serif;\"><em>El Pa\u00eds Cali \u00b7 Luz Stella Cardona \u00b7 03.08.2025<\/em><\/span><\/p>\n<p class=\"p1\" style=\"text-align: center;\"><span style=\"font-size: 14pt; font-family: tahoma, arial, helvetica, sans-serif;\"><strong>Analistas exponen sus posturas frente al futuro del partido: algunos dicen que tendr\u00edan buenos resultados en el Congreso, pero no en la presidencial<\/strong><\/span><\/p>\n<p class=\"p1\"><strong><span style=\"font-size: 14pt; font-family: tahoma, arial, helvetica, sans-serif;\">\u00bfCu\u00e1l ser\u00e1 la estrategia que implemente este partido para lograr disputar las elecciones de 2026?<\/span><\/strong><\/p>\n<p class=\"p1\"><span style=\"font-size: 14pt; font-family: tahoma, arial, helvetica, sans-serif;\">&#8220;<em>El centro democr\u00e1tico manejar\u00e1 dos estrategias. La primera, que concentrar\u00e1 la apuesta m\u00e1s importante y consiste en fortalecer su apuesta en las elecciones al Congreso mediante la presentaci\u00f3n listas cerradas tanto al Senado como a las distintas circunscripciones a la C\u00e1mara para consolidar el voto del descontento con el gobierno de Gustavo Petro en los principales centros urbanos del pa\u00eds. Esta estrategia incrementar\u00e1 el numero de congresistas en el 2026.<\/em><\/span><\/p>\n<p class=\"p1\"><span style=\"font-size: 14pt; font-family: tahoma, arial, helvetica, sans-serif;\"><em>Y la segunda estrategia, que ser\u00e1 a la Presidencia de la Rep\u00fablica, consisten en ondear las banderas de la seguridad como la principal preocupaci\u00f3n de los colombianos. El problema de esta estrategia es por partida triple. La seguridad si es una preocupaci\u00f3n, pero no est\u00e1 halando el inter\u00e9s mayoritario de quienes afirman que acudir\u00e1n a las urnas; su candidato mejor ubicado en las encuestas es el senador Miguel Uribe Turbay, qui\u00e9n se encuentra hospitalizado en condiciones de pronostico reservado despu\u00e9s del atentado infame que sufri\u00f3 en Bogot\u00e1; y los dem\u00e1s precandidatos no logran despegar en t\u00e9rminos de conocimiento, favorabilidad e intenci\u00f3n de voto<\/em>&#8220;: <strong>Jairo Libreros<\/strong>.<\/span><\/p>\n<p class=\"p1\"><span style=\"font-size: 14pt; font-family: tahoma, arial, helvetica, sans-serif;\"><strong>\u00bfCambiar\u00e1 el voto uribista? \u00bfSe inclinar\u00e1n por otros candidatos de derecha?<\/strong><\/span><\/p>\n<p class=\"p1\"><span style=\"font-size: 14pt; font-family: tahoma, arial, helvetica, sans-serif;\">&#8220;<em>A la Presidencia es inevitable. Por ahora el voto uribista no va a despegar, a menos que se recupere el senador Uribe Turbay y est\u00e9 f\u00edsicamente habilitado para afrontar un proceso electoral. La gran mayor\u00eda de colombianos confiamos en que ello ocurra, pero si no es as\u00ed los uribistas se unir\u00e1n en las elecciones de coaliciones interpartidistas de marzo de 2026 con el candidato de centro-derecha mejor posicionado en las encuestas y ante la opini\u00f3n p\u00fablica<\/em>&#8220;: <strong>Jairo Libreros<\/strong>.<\/span><\/p>\n<p><span style=\"font-size: 14pt; font-family: tahoma, arial, helvetica, sans-serif;\">El link de El Pa\u00eds Cali con el an\u00e1lisis es el siguiente:<\/span><\/p>\n<p><span style=\"text-decoration: underline; font-size: 14pt; font-family: tahoma, arial, helvetica, sans-serif;\"><a href=\"https:\/\/www.elpais.com.co\/politica\/que-pasara-con-el-centro-democratico-sin-su-jefe-alvaro-uribe-velez-analistas-exponen-sus-posturas-frente-al-futuro-del-partido-0324.html\">https:\/\/www.elpais.com.co\/politica\/que-pasara-con-el-centro-democratico-sin-su-jefe-alvaro-uribe-velez-analistas-exponen-sus-posturas-frente-al-futuro-del-partido-0324.html<\/a><\/span><\/p>\n<p style=\"text-align: right;\"><span style=\"text-decoration: underline; font-size: 14pt; font-family: tahoma, arial, helvetica, sans-serif;\"><a href=\"https:\/\/jairolibreros.com\/\"><strong>Blog de Jairo Libreros<\/strong><\/a><\/span><\/p>\n","protected":false},"excerpt":{"rendered":"<p>Qu\u00e9 pasar\u00e1 con el Centro Democr\u00e1tico sin su jefe \u00c1lvaro Uribe V\u00e9lez? El Pa\u00eds Cali \u00b7 Luz Stella Cardona \u00b7 03.08.2025 Analistas exponen <\/p>\n","protected":false},"author":1,"featured_media":425,"comment_status":"open","ping_status":"open","sticky":false,"template":"","format":"standard","meta":{"om_disable_all_campaigns":false,"_monsterinsights_skip_tracking":false,"_monsterinsights_sitenote_active":false,"_monsterinsights_sitenote_note":"","_monsterinsights_sitenote_category":0,"footnotes":""},"categories":[1,96],"tags":[44,54],"aioseo_notices":[],"class_list":["post-4166","post","type-post","status-publish","format-standard","has-post-thumbnail","hentry","category-jairo-libreros","category-universidad-externado","tag-elecciones","tag-comunicacion-politica"],"_links":{"self":[{"href":"https:\/\/jairolibreros.com\/index.php?rest_route=\/wp\/v2\/posts\/4166"}],"collection":[{"href":"https:\/\/jairolibreros.com\/index.php?rest_route=\/wp\/v2\/posts"}],"about":[{"href":"https:\/\/jairolibreros.com\/index.php?rest_route=\/wp\/v2\/types\/post"}],"author":[{"embeddable":true,"href":"https:\/\/jairolibreros.com\/index.php?rest_route=\/wp\/v2\/users\/1"}],"replies":[{"embeddable":true,"href":"https:\/\/jairolibreros.com\/index.php?rest_route=%2Fwp%2Fv2%2Fcomments&post=4166"}],"version-history":[{"count":5,"href":"https:\/\/jairolibreros.com\/index.php?rest_route=\/wp\/v2\/posts\/4166\/revisions"}],"predecessor-version":[{"id":4569,"href":"https:\/\/jairolibreros.com\/index.php?rest_route=\/wp\/v2\/posts\/4166\/revisions\/4569"}],"wp:featuredmedia":[{"embeddable":true,"href":"https:\/\/jairolibreros.com\/index.php?rest_route=\/wp\/v2\/media\/425"}],"wp:attachment":[{"href":"https:\/\/jairolibreros.com\/index.php?rest_route=%2Fwp%2Fv2%2Fmedia&parent=4166"}],"wp:term":[{"taxonomy":"category","embeddable":true,"href":"https:\/\/jairolibreros.com\/index.php?rest_route=%2Fwp%2Fv2%2Fcategories&post=4166"},{"taxonomy":"post_tag","embeddable":true,"href":"https:\/\/jairolibreros.com\/index.php?rest_route=%2Fwp%2Fv2%2Ftags&post=4166"}],"curies":[{"name":"wp","href":"https:\/\/api.w.org\/{rel}","templated":true}]}}