{"id":418,"date":"2022-05-17T03:06:17","date_gmt":"2022-05-17T03:06:17","guid":{"rendered":"https:\/\/jairolibreros.com\/?p=418"},"modified":"2023-06-14T22:04:04","modified_gmt":"2023-06-14T22:04:04","slug":"analistas-rechazan-estrategias-para-contrarrestar-terrorismo-en-cucuta","status":"publish","type":"post","link":"https:\/\/jairolibreros.com\/?p=418","title":{"rendered":"Analistas rechazan estrategias para contrarrestar terrorismo en C\u00facuta"},"content":{"rendered":"<p><span style=\"font-size: 14pt;\"><strong>Analistas rechazan estrategias para contrarrestar terrorismo en C\u00facuta<\/strong><\/span><\/p>\n<p><span style=\"font-size: 14pt;\"><strong>Jairo<\/strong> <strong>Libreros<\/strong>, panelista Hora20 de Caracol Radio, analista<strong> pol\u00edtico y catedr\u00e1tico<\/strong>, le dijo a <strong>Caracol Radio<\/strong> que esta situaci\u00f3n reiterativa de violencia ha sido un descuido del gobierno nacional<\/span><\/p>\n<blockquote hcb-fetch-image-from=\"https:\/\/twitter.com\/Carlos_Luna_R\/status\/1490840274406416388?s=20&amp;t=Krpj1LMY55xfRURXvErl6w\" class=\"twitter-tweet\" data-width=\"550\" data-dnt=\"true\">\n<p lang=\"es\" dir=\"ltr\">Analistas rechazan estrategias para contrarrestar terrorismo en C\u00facuta <a href=\"https:\/\/t.co\/RI6dlLelAa\">https:\/\/t.co\/RI6dlLelAa<\/a> v\u00eda <a href=\"https:\/\/twitter.com\/CaracolRadio?ref_src=twsrc%5Etfw\">@caracolradio<\/a> <a href=\"https:\/\/twitter.com\/JairoLibreros?ref_src=twsrc%5Etfw\">@JairoLibreros<\/a> <a href=\"https:\/\/twitter.com\/Esmerojaso?ref_src=twsrc%5Etfw\">@Esmerojaso<\/a><\/p>\n<p>&mdash; Carlos Luna (@Carlos_Luna_R) <a href=\"https:\/\/twitter.com\/Carlos_Luna_R\/status\/1490840274406416388?ref_src=twsrc%5Etfw\">February 8, 2022<\/a><\/p><\/blockquote>\n<p><script async src=\"https:\/\/platform.twitter.com\/widgets.js\" charset=\"utf-8\"><\/script><\/p>\n<p><span style=\"font-size: 14pt;\">Desde hace 8 meses se han presentado reiterados ataques contra la fuerza p\u00fablica en esta regi\u00f3n en el oriente del pa\u00eds<\/span><\/p>\n<p><span style=\"font-size: 14pt;\">Los <strong>constantes hechos violentos y ataques contra las autoridades<\/strong> en varios municipios de Norte de Santander, han encendido las alarmas en todos los sectores pol\u00edticos y civiles en Colombia al <strong>representar estos amenazas directas contra la poblaci\u00f3n<\/strong>.<\/span><\/p>\n<p><span style=\"font-size: 14pt;\">Esta escalada terrorista inicio desde el mes de junio del 2021 con <strong>el carro bomba que fue ingresado a la Brigada 30 del Ej\u00e9rcito Nacional<\/strong>, y despu\u00e9s el atentado al helic\u00f3ptero presidencial en donde se desplazaba Iv\u00e1n Duque con una comisi\u00f3n de mandatarios.<\/span><\/p>\n<p><span style=\"font-size: 14pt;\"><strong>Jairo Libreros analista pol\u00edtico y catedr\u00e1tico<\/strong>, le dijo a <strong>Caracol Radio<\/strong> que esta situaci\u00f3n reiterativa de violencia ha sido un descuido del gobierno nacional.<\/span><\/p>\n<p><span style=\"font-size: 14pt;\">\u201cEsta es una cr\u00f3nica de una muerte anunciada y del fracaso de una estrategia de seguridad y defensa nacional que nunca tuvo en cuenta la protecci\u00f3n de <strong>los ciudadanos de C\u00facuta y Norte de Santander, es la cr\u00f3nica de una incapacidad del estado que no tiene elementos m\u00ednimos para entender en t\u00e9rminos de inteligenci<\/strong>a cuales son los movimientos de los actores armados, nos preocupa la indefensi\u00f3n y la incapacidad de repuesta por parte del gobierno nacional, pensar que con facultades propias del alcalde o del gobernador con la polic\u00eda nacional se pueda contrarrestar esta amenaza terrorista pues se puede dejar a los ciudadanos en un estado completo de indefensi\u00f3n. Nos est\u00e1n ganando la partida y esto nos va a costar vidas, <strong>afectaciones a la integridad y el deterioro en t\u00e9rminos democr\u00e1ticos por que la sociedad no confiara en el estado por su incapacidad de actuar<\/strong>\u201d dijo el analista.<\/span><\/p>\n<p><span style=\"font-size: 14pt;\">Manifest\u00f3 que \u201cllego el momento de decretar un estado de conmoci\u00f3n interior, el gobierno nacional no tiene la capacidad para actuar, <strong>pero si es consciente de su responsabilidad de proteger la vida de los ciudadanos que padecen momentos cr\u00edticos especialmente en Arauca y Norte de Santander,<\/strong> se necesita una medida como el estado de conmoci\u00f3n interior para apropiar recursos, movilizar unidades policiales y militares, mejorar la capacidad de comunicaci\u00f3n con la Fiscal\u00eda y crear un clima de confianza en donde la comunidad vuelva a creer en el estado y entregue la informaci\u00f3n. Sin un estado de conmoci\u00f3n dif\u00edcilmente vamos a solucionar esto y nos mantendremos en esta zozobra en los meses que vienen, <strong>porque en la administraci\u00f3n de Iv\u00e1n Duque se demostr\u00f3 incapacidad operativa si no ausencia de estrategias de seguridad<\/strong>\u201d.<\/span><\/p>\n<p><span style=\"font-size: 14pt;\">Finalmente reiter\u00f3 que los concejos de seguridad que <strong>se han realizado no han dejado resultados y han demostrado que no es el mecanismo m\u00e1s id\u00f3neo<\/strong>, debiendo ser replanteada las estrategias para los departamentos de frontera.<\/span><\/p>\n<p><span style=\"font-size: 14pt;\"><a href=\"https:\/\/caracol.com.co\/emisora\/2022\/02\/07\/cucuta\/1644238253_028193.html?ssm=tw\"><span style=\"text-decoration: underline;\">https:\/\/caracol.com.co\/emisora\/2022\/02\/07\/cucuta\/1644238253_028193.html?ssm=tw<\/span><\/a><\/span><\/p>\n","protected":false},"excerpt":{"rendered":"<p>Analistas rechazan estrategias para contrarrestar terrorismo en C\u00facuta Jairo Libreros, panelista Hora20 de Caracol Radio, analista pol\u00edtico y catedr\u00e1tico, le dijo a Caracol <\/p>\n","protected":false},"author":1,"featured_media":428,"comment_status":"open","ping_status":"open","sticky":false,"template":"","format":"standard","meta":{"om_disable_all_campaigns":false,"_monsterinsights_skip_tracking":false,"_monsterinsights_sitenote_active":false,"_monsterinsights_sitenote_note":"","_monsterinsights_sitenote_category":0,"footnotes":""},"categories":[1],"tags":[44,54,90,53,39],"aioseo_notices":[],"class_list":["post-418","post","type-post","status-publish","format-standard","has-post-thumbnail","hentry","category-jairo-libreros","tag-elecciones","tag-comunicacion-politica","tag-seguridad-y-defensa-nacional","tag-politicas-publicas","tag-seguridad-ciudadana"],"_links":{"self":[{"href":"https:\/\/jairolibreros.com\/index.php?rest_route=\/wp\/v2\/posts\/418"}],"collection":[{"href":"https:\/\/jairolibreros.com\/index.php?rest_route=\/wp\/v2\/posts"}],"about":[{"href":"https:\/\/jairolibreros.com\/index.php?rest_route=\/wp\/v2\/types\/post"}],"author":[{"embeddable":true,"href":"https:\/\/jairolibreros.com\/index.php?rest_route=\/wp\/v2\/users\/1"}],"replies":[{"embeddable":true,"href":"https:\/\/jairolibreros.com\/index.php?rest_route=%2Fwp%2Fv2%2Fcomments&post=418"}],"version-history":[{"count":6,"href":"https:\/\/jairolibreros.com\/index.php?rest_route=\/wp\/v2\/posts\/418\/revisions"}],"predecessor-version":[{"id":1973,"href":"https:\/\/jairolibreros.com\/index.php?rest_route=\/wp\/v2\/posts\/418\/revisions\/1973"}],"wp:featuredmedia":[{"embeddable":true,"href":"https:\/\/jairolibreros.com\/index.php?rest_route=\/wp\/v2\/media\/428"}],"wp:attachment":[{"href":"https:\/\/jairolibreros.com\/index.php?rest_route=%2Fwp%2Fv2%2Fmedia&parent=418"}],"wp:term":[{"taxonomy":"category","embeddable":true,"href":"https:\/\/jairolibreros.com\/index.php?rest_route=%2Fwp%2Fv2%2Fcategories&post=418"},{"taxonomy":"post_tag","embeddable":true,"href":"https:\/\/jairolibreros.com\/index.php?rest_route=%2Fwp%2Fv2%2Ftags&post=418"}],"curies":[{"name":"wp","href":"https:\/\/api.w.org\/{rel}","templated":true}]}}