{"id":4180,"date":"2025-08-07T23:20:49","date_gmt":"2025-08-07T23:20:49","guid":{"rendered":"https:\/\/jairolibreros.com\/?p=4180"},"modified":"2025-09-18T00:20:30","modified_gmt":"2025-09-18T00:20:30","slug":"cual-es-el-balance-de-la-paz-total-en-estos-tres-anos-del-gobierno-del-presidente-gustavo-petro","status":"publish","type":"post","link":"https:\/\/jairolibreros.com\/?p=4180","title":{"rendered":"\u00bfCu\u00e1l es el balance de la paz total en estos tres a\u00f1os del gobierno del presidente Gustavo Petro?"},"content":{"rendered":"<p><span style=\"font-family: tahoma, arial, helvetica, sans-serif; font-size: 14pt;\"><strong>\u00bfCu\u00e1l es el balance de la paz total en estos tres a\u00f1os del gobierno del presidente Gustavo Petro?<\/strong><\/span><\/p>\n<p><span style=\"font-family: tahoma, arial, helvetica, sans-serif; font-size: 14pt;\"><em>Caracol Radio \u00b7 Mar\u00eda Paula Pineda \u00b7 07.08.2025<\/em><\/span><\/p>\n<p><span style=\"font-family: tahoma, arial, helvetica, sans-serif; font-size: 14pt;\"><strong>\u00bfCu\u00e1l es el balance de la paz total en estos tres a\u00f1os del gobierno del presidente Gustavo Petro?<\/strong><\/span><\/p>\n<!--[if lt IE 9]><script>document.createElement('audio');<\/script><![endif]-->\n<audio class=\"wp-audio-shortcode\" id=\"audio-4180-1\" preload=\"none\" style=\"width: 100%;\" controls=\"controls\"><source type=\"audio\/mpeg\" src=\"https:\/\/jairolibreros.com\/wp-content\/uploads\/2025\/08\/AUDIO-2025-08-06-18-33-28.m4a?_=1\" \/><a href=\"https:\/\/jairolibreros.com\/wp-content\/uploads\/2025\/08\/AUDIO-2025-08-06-18-33-28.m4a\">https:\/\/jairolibreros.com\/wp-content\/uploads\/2025\/08\/AUDIO-2025-08-06-18-33-28.m4a<\/a><\/audio>\n<p>&nbsp;<\/p>\n<p class=\"p1\"><span style=\"font-family: tahoma, arial, helvetica, sans-serif; font-size: 14pt;\">&#8220;<em>La paz total se present\u00f3 como el estandarte del gobierno del cambio del presidente Gustavo Petro, y fracas\u00f3 sin pena, sin gloria y sin cambio alguno.<\/em><\/span><\/p>\n<p class=\"p1\"><span style=\"font-family: tahoma, arial, helvetica, sans-serif; font-size: 14pt;\"><em>De un lado, la idea de la paz no fue concebida como una pol\u00edtica p\u00fablica. Nunca fue claro cu\u00e1l era el problema social que iba a solucionar, no estableci\u00f3 los escenarios de futuro de las negociaciones pol\u00edticas ni de los acuerdos de sometimientos a la justicia. Por ende, no se confeccion\u00f3 una metodolog\u00eda de trabajo para abordar esas conversaciones.<\/em><\/span><\/p>\n<p class=\"p1\"><span style=\"font-family: tahoma, arial, helvetica, sans-serif; font-size: 14pt;\"><em>Y del otro lado, subordin\u00f3 en un cuarto o quinto lugar de la agenda de pol\u00edtica p\u00fablica su concepci\u00f3n de seguridad. En el mejor de los casos era aproximaci\u00f3n a la seguridad, que no fue dise\u00f1ada como una estrategia, menos a\u00fan se puede hablar de una pol\u00edtica p\u00fablica de seguridad.<\/em><\/span><\/p>\n<p class=\"p1\"><span style=\"font-family: tahoma, arial, helvetica, sans-serif; font-size: 14pt;\"><em>Por ello, ese esfuerzo de paz no se materializ\u00f3 y termin\u00f3 en una deriva, que se traduce en la multiplicaci\u00f3n de las estructuras criminales, en la ampliaci\u00f3n de la frontera de control territorial y en el enriquecimiento il\u00edcito de disidencias, desertores y dem\u00e1s estructuras delictivas<\/em>&#8220;: <strong>Jairo Libreros<\/strong>.<\/span><\/p>\n<p><span style=\"font-family: tahoma, arial, helvetica, sans-serif; font-size: 14pt;\">El link de Caracol Radio con el an\u00e1lisis es el siguiente:<\/span><\/p>\n<p style=\"text-align: right;\"><span style=\"text-decoration: underline; font-family: tahoma, arial, helvetica, sans-serif; font-size: 14pt;\"><a href=\"https:\/\/jairolibreros.com\/\"><strong>Blog de Jairo Libreros<\/strong><\/a><\/span><\/p>\n","protected":false},"excerpt":{"rendered":"<p>\u00bfCu\u00e1l es el balance de la paz total en estos tres a\u00f1os del gobierno del presidente Gustavo Petro? Caracol Radio \u00b7 Mar\u00eda Paula <\/p>\n","protected":false},"author":1,"featured_media":428,"comment_status":"open","ping_status":"open","sticky":false,"template":"","format":"standard","meta":{"om_disable_all_campaigns":false,"_monsterinsights_skip_tracking":false,"_monsterinsights_sitenote_active":false,"_monsterinsights_sitenote_note":"","_monsterinsights_sitenote_category":0,"footnotes":""},"categories":[94,1],"tags":[54,90,53,39],"aioseo_notices":[],"class_list":["post-4180","post","type-post","status-publish","format-standard","has-post-thumbnail","hentry","category-caracol-radio","category-jairo-libreros","tag-comunicacion-politica","tag-seguridad-y-defensa-nacional","tag-politicas-publicas","tag-seguridad-ciudadana"],"_links":{"self":[{"href":"https:\/\/jairolibreros.com\/index.php?rest_route=\/wp\/v2\/posts\/4180"}],"collection":[{"href":"https:\/\/jairolibreros.com\/index.php?rest_route=\/wp\/v2\/posts"}],"about":[{"href":"https:\/\/jairolibreros.com\/index.php?rest_route=\/wp\/v2\/types\/post"}],"author":[{"embeddable":true,"href":"https:\/\/jairolibreros.com\/index.php?rest_route=\/wp\/v2\/users\/1"}],"replies":[{"embeddable":true,"href":"https:\/\/jairolibreros.com\/index.php?rest_route=%2Fwp%2Fv2%2Fcomments&post=4180"}],"version-history":[{"count":6,"href":"https:\/\/jairolibreros.com\/index.php?rest_route=\/wp\/v2\/posts\/4180\/revisions"}],"predecessor-version":[{"id":4574,"href":"https:\/\/jairolibreros.com\/index.php?rest_route=\/wp\/v2\/posts\/4180\/revisions\/4574"}],"wp:featuredmedia":[{"embeddable":true,"href":"https:\/\/jairolibreros.com\/index.php?rest_route=\/wp\/v2\/media\/428"}],"wp:attachment":[{"href":"https:\/\/jairolibreros.com\/index.php?rest_route=%2Fwp%2Fv2%2Fmedia&parent=4180"}],"wp:term":[{"taxonomy":"category","embeddable":true,"href":"https:\/\/jairolibreros.com\/index.php?rest_route=%2Fwp%2Fv2%2Fcategories&post=4180"},{"taxonomy":"post_tag","embeddable":true,"href":"https:\/\/jairolibreros.com\/index.php?rest_route=%2Fwp%2Fv2%2Ftags&post=4180"}],"curies":[{"name":"wp","href":"https:\/\/api.w.org\/{rel}","templated":true}]}}