{"id":4182,"date":"2025-08-07T16:59:04","date_gmt":"2025-08-07T16:59:04","guid":{"rendered":"https:\/\/jairolibreros.com\/?p=4182"},"modified":"2025-10-19T18:41:53","modified_gmt":"2025-10-19T18:41:53","slug":"tres-anos-de-gustavo-petro-sectores-politicos-revelan-lo-bueno-lo-malo-y-lo-feo-de-su-gobierno","status":"publish","type":"post","link":"https:\/\/jairolibreros.com\/?p=4182","title":{"rendered":"Tres a\u00f1os de Gustavo Petro: sectores pol\u00edticos revelan lo bueno, lo malo y lo feo de su Gobierno"},"content":{"rendered":"<p><span style=\"font-family: tahoma, arial, helvetica, sans-serif; font-size: 14pt;\"><strong>Tres a\u00f1os de Gustavo Petro: sectores pol\u00edticos revelan lo bueno, lo malo y lo feo de su Gobierno<\/strong><\/span><\/p>\n<p><span style=\"font-size: 14pt; font-family: tahoma, arial, helvetica, sans-serif;\"><em>La FM \u00b7 Daniel Jerez \u00b7 07.08.2025<\/em><\/span><\/p>\n<p class=\"p1\" style=\"text-align: center;\"><span style=\"font-family: tahoma, arial, helvetica, sans-serif; font-size: 14pt;\"><strong>Rajan al Gobierno en seguridad y econom\u00eda, pero destacan la aprobaci\u00f3n de las reformas sociales<\/strong><\/span><\/p>\n<p class=\"p1\"><span style=\"font-size: 14pt; font-family: tahoma, arial, helvetica, sans-serif;\"><strong>Tras tres a\u00f1os del Gobierno Petro, \u00bfqu\u00e9 balance hace usted? Cree que ha habido logros? \u00bfO han sido m\u00e1s los desaciertos que los logros? Y \u00bfqu\u00e9 retos le quedan para el \u00faltimo a\u00f1o de gobierno?<\/strong><\/span><\/p>\n<!--[if lt IE 9]><script>document.createElement('audio');<\/script><![endif]-->\n<audio class=\"wp-audio-shortcode\" id=\"audio-4182-1\" preload=\"none\" style=\"width: 100%;\" controls=\"controls\"><source type=\"audio\/mpeg\" src=\"https:\/\/jairolibreros.com\/wp-content\/uploads\/2025\/08\/AUDIO-2025-08-06-18-07-25.m4a?_=1\" \/><a href=\"https:\/\/jairolibreros.com\/wp-content\/uploads\/2025\/08\/AUDIO-2025-08-06-18-07-25.m4a\">https:\/\/jairolibreros.com\/wp-content\/uploads\/2025\/08\/AUDIO-2025-08-06-18-07-25.m4a<\/a><\/audio>\n<p>&nbsp;<\/p>\n<p class=\"p1\"><span style=\"font-size: 14pt; font-family: tahoma, arial, helvetica, sans-serif;\">&#8220;<em>El balance es decepcionante. Es un parto de los montes. Se presentaron como el gobierno del cambio y no lograron cambio alguno. El balance no se tasa en logros, sino en su deriva. La paz total, la principal bandera del gobierno del presidente Gustavo Petro, multiplic\u00f3 las estructuras criminales, les facilit\u00f3 la ampliaci\u00f3n de la frontera de control territorial y multiplic\u00f3 las ganancias de los actores armados ilegales.<\/em><\/span><\/p>\n<p class=\"p1\"><em><span style=\"font-size: 14pt; font-family: tahoma, arial, helvetica, sans-serif;\">En lo que resta del cuatrienio, el gobierno Petro solo tienen un reto: garantizar la realizaci\u00f3n leg\u00edtima, transparente y en condiciones de libre competencia de las elecciones al Congreso y a la Presidencia.<\/span><\/em><\/p>\n<p class=\"p1\"><span style=\"font-size: 14pt; font-family: tahoma, arial, helvetica, sans-serif;\"><em>Y en esta \u00faltima legislatura sus tres proyectos insignia est\u00e1n bajo pronostico reservado. De un lado, la reforma a la salud no cuenta con los votos necesarios para ser aprobada en la Comisi\u00f3n VII del Senado; del otro lado, el radicado proyecto de ley de sometimiento a la justicia naufraga sin contar con la correspondiente ponencia; y por \u00faltimo, la anunciada reforma tributaria correr\u00e1 la misma suerte del pasado proyecto de ley de financiamiento, es decir, ser\u00e1 archivada<\/em>&#8220;: <strong>Jairo Libreros<\/strong>.<\/span><\/p>\n<p><span style=\"font-size: 14pt; font-family: tahoma, arial, helvetica, sans-serif;\">El link del an\u00e1lisis con La FM es el siguiente:<\/span><\/p>\n<p><span style=\"font-family: tahoma, arial, helvetica, sans-serif; font-size: 14pt;\"><span style=\"text-decoration: underline;\"><a href=\"https:\/\/www.lafm.com.co\/politica\/tres-anos-de-gustavo-petro-sectores-politicos-revelan-lo-bueno-lo-malo-y-lo-feo-de-su\">https:\/\/www.lafm.com.co\/politica\/tres-anos-de-gustavo-petro-sectores-politicos-revelan-lo-bueno-lo-malo-y-lo-feo-de-su<\/a><\/span>\u00a0<\/span><\/p>\n<p style=\"text-align: right;\"><span style=\"font-size: 14pt; font-family: tahoma, arial, helvetica, sans-serif;\"><span style=\"text-decoration: underline;\"><a href=\"https:\/\/jairolibreros.com\/\"><strong>Blog de Jairo Libreros<\/strong><\/a><\/span>\u00a0<\/span><\/p>\n","protected":false},"excerpt":{"rendered":"<p>Tres a\u00f1os de Gustavo Petro: sectores pol\u00edticos revelan lo bueno, lo malo y lo feo de su Gobierno La FM \u00b7 Daniel Jerez <\/p>\n","protected":false},"author":1,"featured_media":2347,"comment_status":"open","ping_status":"open","sticky":false,"template":"","format":"standard","meta":{"om_disable_all_campaigns":false,"_monsterinsights_skip_tracking":false,"_monsterinsights_sitenote_active":false,"_monsterinsights_sitenote_note":"","_monsterinsights_sitenote_category":0,"footnotes":""},"categories":[1,96],"tags":[54,90,53,39],"aioseo_notices":[],"class_list":["post-4182","post","type-post","status-publish","format-standard","has-post-thumbnail","hentry","category-jairo-libreros","category-universidad-externado","tag-comunicacion-politica","tag-seguridad-y-defensa-nacional","tag-politicas-publicas","tag-seguridad-ciudadana"],"_links":{"self":[{"href":"https:\/\/jairolibreros.com\/index.php?rest_route=\/wp\/v2\/posts\/4182"}],"collection":[{"href":"https:\/\/jairolibreros.com\/index.php?rest_route=\/wp\/v2\/posts"}],"about":[{"href":"https:\/\/jairolibreros.com\/index.php?rest_route=\/wp\/v2\/types\/post"}],"author":[{"embeddable":true,"href":"https:\/\/jairolibreros.com\/index.php?rest_route=\/wp\/v2\/users\/1"}],"replies":[{"embeddable":true,"href":"https:\/\/jairolibreros.com\/index.php?rest_route=%2Fwp%2Fv2%2Fcomments&post=4182"}],"version-history":[{"count":5,"href":"https:\/\/jairolibreros.com\/index.php?rest_route=\/wp\/v2\/posts\/4182\/revisions"}],"predecessor-version":[{"id":4572,"href":"https:\/\/jairolibreros.com\/index.php?rest_route=\/wp\/v2\/posts\/4182\/revisions\/4572"}],"wp:featuredmedia":[{"embeddable":true,"href":"https:\/\/jairolibreros.com\/index.php?rest_route=\/wp\/v2\/media\/2347"}],"wp:attachment":[{"href":"https:\/\/jairolibreros.com\/index.php?rest_route=%2Fwp%2Fv2%2Fmedia&parent=4182"}],"wp:term":[{"taxonomy":"category","embeddable":true,"href":"https:\/\/jairolibreros.com\/index.php?rest_route=%2Fwp%2Fv2%2Fcategories&post=4182"},{"taxonomy":"post_tag","embeddable":true,"href":"https:\/\/jairolibreros.com\/index.php?rest_route=%2Fwp%2Fv2%2Ftags&post=4182"}],"curies":[{"name":"wp","href":"https:\/\/api.w.org\/{rel}","templated":true}]}}