{"id":4192,"date":"2025-08-06T16:22:48","date_gmt":"2025-08-06T16:22:48","guid":{"rendered":"https:\/\/jairolibreros.com\/?p=4192"},"modified":"2025-09-18T00:17:43","modified_gmt":"2025-09-18T00:17:43","slug":"se-cumplen-tres-anos-del-gobierno-de-gustavo-petro","status":"publish","type":"post","link":"https:\/\/jairolibreros.com\/?p=4192","title":{"rendered":"Se cumplen tres a\u00f1os del gobierno de Gustavo Petro"},"content":{"rendered":"<p><span style=\"font-size: 14pt; font-family: tahoma, arial, helvetica, sans-serif;\"><strong>Se cumplen tres a\u00f1os del gobierno de Gustavo Petro<\/strong><\/span><\/p>\n<p><span style=\"font-size: 14pt; font-family: tahoma, arial, helvetica, sans-serif;\"><em>Caracol Radio \u00b7 Esmeralda Rojas \u00b7 06.08.2025<\/em><\/span><\/p>\n<p class=\"p1\" style=\"text-align: center;\"><span style=\"font-size: 14pt; font-family: tahoma, arial, helvetica, sans-serif;\"><strong>Opiniones a favor y en contra de su gesti\u00f3n en temas de salud, conflicto y lo laboral<\/strong><\/span><\/p>\n<p class=\"p1\"><span style=\"font-size: 14pt; font-family: tahoma, arial, helvetica, sans-serif;\"><b>C\u00facuta<\/b> \u00b7 Se cumplen tres a\u00f1os desde la posesi\u00f3n de Gustavo Petro como presidente de la Rep\u00fablica de Colombia, y con ello el inicio de un gobierno marcado por pol\u00e9micas, protestas y conflictos que se han intensificado en diferentes regiones del pa\u00eds:<\/span><\/p>\n<p class=\"p1\"><span style=\"font-size: 14pt; font-family: tahoma, arial, helvetica, sans-serif;\">\u201c<em>Lamentablemente el plan de gobierno se perdi\u00f3 en la mitad del camino, convirti\u00e9ndolo todo en una excusa para generar pol\u00e9micas relacionadas con la capacidad que tiene esta administraci\u00f3n para gestionar los asuntos de salud p\u00fablica. Se qued\u00f3 en un discurso en materia de seguridad porque nunca fue una prioridad y se concentraron en el tema de la paz total, y no hubo seguridad ni paz total. El tema energ\u00e9tico sigue siendo una preocupaci\u00f3n inmensa, los anuncios y las alertas relacionadas con problemas de abastecimiento de energ\u00eda est\u00e1n a la orden del d\u00eda. Y tres, la crisis fiscal que estamos padeciendo nos va a llevar a situaciones cr\u00edticas, no solamente porque se rompi\u00f3 la regla fiscal, sino de manera particular porque el crecimiento en gasto p\u00fablico no es compatible con la capacidad de recaudo. El gobierno del presidente Petro, en t\u00e9rminos generales, se tiene que analizar con base en la deriva de lo que se quiso hacer y no se logr\u00f3<\/em>\u201d <strong>dijo a Caracol Radio el analista pol\u00edtico Jairo Libreros<\/strong>.<\/span><\/p>\n<p><span style=\"font-size: 14pt; font-family: tahoma, arial, helvetica, sans-serif;\">El link de Caracol Radio -C\u00facuta- con el an\u00e1lisis es el siguiente:<\/span><\/p>\n<p><span style=\"font-size: 14pt; font-family: tahoma, arial, helvetica, sans-serif;\"><span style=\"text-decoration: underline;\"><a href=\"https:\/\/caracol.com.co\/2025\/08\/07\/se-cumplen-tres-anos-del-gobierno-de-gustavo-petro\/\">https:\/\/caracol.com.co\/2025\/08\/07\/se-cumplen-tres-anos-del-gobierno-de-gustavo-petro\/<\/a><\/span>\u00a0<\/span><\/p>\n<p style=\"text-align: right;\"><span style=\"text-decoration: underline; font-size: 14pt; font-family: tahoma, arial, helvetica, sans-serif;\"><a href=\"https:\/\/jairolibreros.com\/\"><strong>Blog de Jairo Libreros<\/strong><\/a><\/span><\/p>\n","protected":false},"excerpt":{"rendered":"<p>Se cumplen tres a\u00f1os del gobierno de Gustavo Petro Caracol Radio \u00b7 Esmeralda Rojas \u00b7 06.08.2025 Opiniones a favor y en contra de <\/p>\n","protected":false},"author":1,"featured_media":428,"comment_status":"open","ping_status":"open","sticky":false,"template":"","format":"standard","meta":{"om_disable_all_campaigns":false,"_monsterinsights_skip_tracking":false,"_monsterinsights_sitenote_active":false,"_monsterinsights_sitenote_note":"","_monsterinsights_sitenote_category":0,"footnotes":""},"categories":[94,1],"tags":[54,90,53,39],"aioseo_notices":[],"class_list":["post-4192","post","type-post","status-publish","format-standard","has-post-thumbnail","hentry","category-caracol-radio","category-jairo-libreros","tag-comunicacion-politica","tag-seguridad-y-defensa-nacional","tag-politicas-publicas","tag-seguridad-ciudadana"],"_links":{"self":[{"href":"https:\/\/jairolibreros.com\/index.php?rest_route=\/wp\/v2\/posts\/4192"}],"collection":[{"href":"https:\/\/jairolibreros.com\/index.php?rest_route=\/wp\/v2\/posts"}],"about":[{"href":"https:\/\/jairolibreros.com\/index.php?rest_route=\/wp\/v2\/types\/post"}],"author":[{"embeddable":true,"href":"https:\/\/jairolibreros.com\/index.php?rest_route=\/wp\/v2\/users\/1"}],"replies":[{"embeddable":true,"href":"https:\/\/jairolibreros.com\/index.php?rest_route=%2Fwp%2Fv2%2Fcomments&post=4192"}],"version-history":[{"count":2,"href":"https:\/\/jairolibreros.com\/index.php?rest_route=\/wp\/v2\/posts\/4192\/revisions"}],"predecessor-version":[{"id":4571,"href":"https:\/\/jairolibreros.com\/index.php?rest_route=\/wp\/v2\/posts\/4192\/revisions\/4571"}],"wp:featuredmedia":[{"embeddable":true,"href":"https:\/\/jairolibreros.com\/index.php?rest_route=\/wp\/v2\/media\/428"}],"wp:attachment":[{"href":"https:\/\/jairolibreros.com\/index.php?rest_route=%2Fwp%2Fv2%2Fmedia&parent=4192"}],"wp:term":[{"taxonomy":"category","embeddable":true,"href":"https:\/\/jairolibreros.com\/index.php?rest_route=%2Fwp%2Fv2%2Fcategories&post=4192"},{"taxonomy":"post_tag","embeddable":true,"href":"https:\/\/jairolibreros.com\/index.php?rest_route=%2Fwp%2Fv2%2Ftags&post=4192"}],"curies":[{"name":"wp","href":"https:\/\/api.w.org\/{rel}","templated":true}]}}