{"id":4198,"date":"2025-08-07T22:16:31","date_gmt":"2025-08-07T22:16:31","guid":{"rendered":"https:\/\/jairolibreros.com\/?p=4198"},"modified":"2025-09-18T00:19:47","modified_gmt":"2025-09-18T00:19:47","slug":"marchas-de-la-oposicion-y-tres-anos-de-gustavo-petro","status":"publish","type":"post","link":"https:\/\/jairolibreros.com\/?p=4198","title":{"rendered":"Marchas de la oposici\u00f3n y tres a\u00f1os de Gustavo Petro"},"content":{"rendered":"<p><span style=\"font-family: tahoma, arial, helvetica, sans-serif; font-size: 14pt;\"><strong>Marchas de la oposici\u00f3n y tres a\u00f1os de #GustavoPetro<\/strong><\/span><\/p>\n<p><span style=\"font-family: tahoma, arial, helvetica, sans-serif; font-size: 14pt;\"><em>El Tiempo \u00b7 Jineth Bedoya y Ernesto Cort\u00e9s \u00b7 07.08.2025<\/em><\/span><\/p>\n<figure id=\"attachment_4200\" aria-describedby=\"caption-attachment-4200\" style=\"width: 300px\" class=\"wp-caption alignleft\"><img decoding=\"async\" class=\"size-medium wp-image-4200\" src=\"https:\/\/jairolibreros.com\/wp-content\/uploads\/2025\/08\/IMG_1599-300x165.jpg\" alt=\"\" width=\"300\" height=\"165\" srcset=\"https:\/\/jairolibreros.com\/wp-content\/uploads\/2025\/08\/IMG_1599-300x165.jpg 300w, https:\/\/jairolibreros.com\/wp-content\/uploads\/2025\/08\/IMG_1599-768x421.jpg 768w, https:\/\/jairolibreros.com\/wp-content\/uploads\/2025\/08\/IMG_1599.jpg 826w\" sizes=\"(max-width: 300px) 100vw, 300px\" \/><figcaption id=\"caption-attachment-4200\" class=\"wp-caption-text\">Jairo Libreros. Leticia, Amazonas. El Tiempo. 07.08.2025<\/figcaption><\/figure>\n<p><span style=\"font-family: tahoma, arial, helvetica, sans-serif; font-size: 14pt;\">Este 7 de agosto de 2025 comienza el \u00faltimo a\u00f1o del gobierno del presidente Gustavo Petro y los retos que le esperan son enormes, sobre todo en seguridad, econom\u00eda y pol\u00edtica social. En materia de orden p\u00fablico, su apuesta por la &#8216;paz total&#8217; \u2014una de sus grandes banderas\u2014 no ha logrado reducir la violencia en las regiones m\u00e1s afectadas, donde se fortalecen grupos armados ilegales y el narcotr\u00e1fico. La falta de resultados tangibles en seguridad se suma a cr\u00edticas por la limitada capacidad de las Fuerzas Armadas para retomar el control de territorios dominados por econom\u00edas il\u00edcitas.<\/span><\/p>\n<p><span style=\"font-family: tahoma, arial, helvetica, sans-serif; font-size: 14pt;\">En salud, educaci\u00f3n y finanzas p\u00fablicas, el panorama es complejo. El sistema de salud enfrenta problemas de financiamiento y gesti\u00f3n, y las reformas propuestas no han logrado materializar soluciones estructurales. En educaci\u00f3n, pese a iniciativas como la gratuidad universitaria, persisten retos en cobertura y calidad: los indicadores en educaci\u00f3n b\u00e1sica y media no son nada positivos, sobre todo en deserci\u00f3n.<\/span><\/p>\n<p><span style=\"font-family: tahoma, arial, helvetica, sans-serif; font-size: 14pt;\">A esto se suma una econom\u00eda tensionada por un d\u00e9ficit fiscal creciente y la necesidad urgente de estabilizar las cuentas del Estado en los pr\u00f3ximos doce meses, condici\u00f3n indispensable para evitar una crisis mayor en el \u00faltimo a\u00f1o de gobierno.<\/span><\/p>\n<figure id=\"attachment_4201\" aria-describedby=\"caption-attachment-4201\" style=\"width: 300px\" class=\"wp-caption alignright\"><img fetchpriority=\"high\" decoding=\"async\" class=\"size-medium wp-image-4201\" src=\"https:\/\/jairolibreros.com\/wp-content\/uploads\/2025\/08\/IMG_1605-300x168.jpg\" alt=\"\" width=\"300\" height=\"168\" srcset=\"https:\/\/jairolibreros.com\/wp-content\/uploads\/2025\/08\/IMG_1605-300x168.jpg 300w, https:\/\/jairolibreros.com\/wp-content\/uploads\/2025\/08\/IMG_1605-768x431.jpg 768w, https:\/\/jairolibreros.com\/wp-content\/uploads\/2025\/08\/IMG_1605.jpg 825w\" sizes=\"(max-width: 300px) 100vw, 300px\" \/><figcaption id=\"caption-attachment-4201\" class=\"wp-caption-text\">Jairo Libreros. Declaraci\u00f3n de Leticia. El Tiempo. 2025<\/figcaption><\/figure>\n<p><span style=\"font-family: tahoma, arial, helvetica, sans-serif; font-size: 14pt;\">El sector de infraestructura vial refleja otra gran deuda. Durante los tres a\u00f1os de gobierno no se ha adjudicado ning\u00fan nuevo proyecto de gran escala, lo que amenaza la continuidad de obras estrat\u00e9gicas y el dinamismo econ\u00f3mico que generan. Mientras tanto, la ejecuci\u00f3n de los proyectos heredados avanza, pero la ausencia de nuevas concesiones deja al pa\u00eds en una posici\u00f3n vulnerable frente a necesidades crecientes de conectividad y competitividad.<\/span><\/p>\n<p class=\"p1\"><span style=\"font-size: 14pt; font-family: tahoma, arial, helvetica, sans-serif;\"><strong>El analista pol\u00edtico Jairo Libreros<\/strong> destac\u00f3 que ayer se abrieran las puertas para dar con una salida diplom\u00e1tica a la disputa territorial. \u201cYo creo que Colombia tiene un sustento legal claramente definido en el protocolo de R\u00edo de Janeiro definido en 1934: no se ha llegado a un acuerdo para definir c\u00f3mo se va a manejar y administrar la soberan\u00eda en esta situaci\u00f3n\u201d.<\/span><\/p>\n<p><span style=\"font-family: tahoma, arial, helvetica, sans-serif; font-size: 14pt;\">El link de El Tiempo con el video del an\u00e1lisis es el siguiente:<\/span><\/p>\n<p><iframe hcb-fetch-image-from=\"https:\/\/www.youtube.com\/watch?v=O81xin9X56M\" title=\"#EnVIVO: 7 de agosto: Marchas de la oposici\u00f3n y tres a\u00f1os de #GustavoPetro\" width=\"640\" height=\"360\" src=\"https:\/\/www.youtube.com\/embed\/O81xin9X56M?feature=oembed\" frameborder=\"0\" allow=\"accelerometer; autoplay; clipboard-write; encrypted-media; gyroscope; picture-in-picture; web-share\" referrerpolicy=\"strict-origin-when-cross-origin\" allowfullscreen><\/iframe><\/p>\n<p><span style=\"font-family: tahoma, arial, helvetica, sans-serif; font-size: 14pt;\">El link de El Tiempo con el texto del an\u00e1lisis es el siguiente:<\/span><\/p>\n<p><span style=\"font-family: tahoma, arial, helvetica, sans-serif; font-size: 14pt;\"><span style=\"text-decoration: underline;\"><a href=\"https:\/\/www.eltiempo.com\/politica\/gobierno\/que-sigue-en-el-diferendo-entre-colombia-y-peru-por-isla-santa-rosa-tras-declaracion-del-presidente-gustavo-petro-en-leticia-3479349\">https:\/\/www.eltiempo.com\/politica\/gobierno\/que-sigue-en-el-diferendo-entre-colombia-y-peru-por-isla-santa-rosa-tras-declaracion-del-presidente-gustavo-petro-en-leticia-3479349<\/a><\/span>\u00a0<\/span><\/p>\n<p style=\"text-align: right;\"><span style=\"font-family: tahoma, arial, helvetica, sans-serif; font-size: 14pt;\"><a href=\"https:\/\/jairolibreros.com\/\"><strong><span style=\"text-decoration: underline;\">Blog de Jairo Libreros<\/span><\/strong><\/a><\/span><\/p>\n","protected":false},"excerpt":{"rendered":"<p>Marchas de la oposici\u00f3n y tres a\u00f1os de #GustavoPetro El Tiempo \u00b7 Jineth Bedoya y Ernesto Cort\u00e9s \u00b7 07.08.2025 Este 7 de agosto <\/p>\n","protected":false},"author":1,"featured_media":3288,"comment_status":"open","ping_status":"open","sticky":false,"template":"","format":"standard","meta":{"om_disable_all_campaigns":false,"_monsterinsights_skip_tracking":false,"_monsterinsights_sitenote_active":false,"_monsterinsights_sitenote_note":"","_monsterinsights_sitenote_category":0,"footnotes":""},"categories":[95,1],"tags":[54,90,53,39],"aioseo_notices":[],"class_list":["post-4198","post","type-post","status-publish","format-standard","has-post-thumbnail","hentry","category-el-tiempo","category-jairo-libreros","tag-comunicacion-politica","tag-seguridad-y-defensa-nacional","tag-politicas-publicas","tag-seguridad-ciudadana"],"_links":{"self":[{"href":"https:\/\/jairolibreros.com\/index.php?rest_route=\/wp\/v2\/posts\/4198"}],"collection":[{"href":"https:\/\/jairolibreros.com\/index.php?rest_route=\/wp\/v2\/posts"}],"about":[{"href":"https:\/\/jairolibreros.com\/index.php?rest_route=\/wp\/v2\/types\/post"}],"author":[{"embeddable":true,"href":"https:\/\/jairolibreros.com\/index.php?rest_route=\/wp\/v2\/users\/1"}],"replies":[{"embeddable":true,"href":"https:\/\/jairolibreros.com\/index.php?rest_route=%2Fwp%2Fv2%2Fcomments&post=4198"}],"version-history":[{"count":6,"href":"https:\/\/jairolibreros.com\/index.php?rest_route=\/wp\/v2\/posts\/4198\/revisions"}],"predecessor-version":[{"id":4573,"href":"https:\/\/jairolibreros.com\/index.php?rest_route=\/wp\/v2\/posts\/4198\/revisions\/4573"}],"wp:featuredmedia":[{"embeddable":true,"href":"https:\/\/jairolibreros.com\/index.php?rest_route=\/wp\/v2\/media\/3288"}],"wp:attachment":[{"href":"https:\/\/jairolibreros.com\/index.php?rest_route=%2Fwp%2Fv2%2Fmedia&parent=4198"}],"wp:term":[{"taxonomy":"category","embeddable":true,"href":"https:\/\/jairolibreros.com\/index.php?rest_route=%2Fwp%2Fv2%2Fcategories&post=4198"},{"taxonomy":"post_tag","embeddable":true,"href":"https:\/\/jairolibreros.com\/index.php?rest_route=%2Fwp%2Fv2%2Ftags&post=4198"}],"curies":[{"name":"wp","href":"https:\/\/api.w.org\/{rel}","templated":true}]}}