{"id":4209,"date":"2025-08-12T14:46:24","date_gmt":"2025-08-12T14:46:24","guid":{"rendered":"https:\/\/jairolibreros.com\/?p=4209"},"modified":"2025-09-18T00:21:06","modified_gmt":"2025-09-18T00:21:06","slug":"asi-fue-el-primer-dia-de-velacion-del-senador-y-precandidato-miguel-uribe-turbay","status":"publish","type":"post","link":"https:\/\/jairolibreros.com\/?p=4209","title":{"rendered":"As\u00ed fue el primer d\u00eda de velaci\u00f3n del senador y precandidato Miguel Uribe Turbay"},"content":{"rendered":"<p><span style=\"font-size: 14pt; font-family: tahoma, arial, helvetica, sans-serif;\"><strong>As\u00ed fue el primer d\u00eda de velaci\u00f3n del senador y precandidato Miguel Uribe Turbay<\/strong><\/span><\/p>\n<p class=\"p1\"><span style=\"font-family: tahoma, arial, helvetica, sans-serif; font-size: 14pt;\"><em><span class=\"s1\">El Tiempo \u2022 Martha Torres, Jhon Torres y Ernesto Cortes \u2022 12.08.2025<\/span><\/em><\/span><\/p>\n<p class=\"p1\"><span style=\"font-size: 14pt; font-family: tahoma, arial, helvetica, sans-serif;\">Ser\u00e1n en total tres d\u00edas en los que el f\u00e9retro estar\u00e1 en c\u00e1mara ardiente, as\u00ed lo decret\u00f3 el Congreso. En la primera jornada, la espera fue el com\u00fan denominador, en conjunto con las muestras de pesar y tristeza que cercanos al senador expresaron en distintos momentos del d\u00eda.<\/span><\/p>\n<figure id=\"attachment_4215\" aria-describedby=\"caption-attachment-4215\" style=\"width: 300px\" class=\"wp-caption alignleft\"><img fetchpriority=\"high\" decoding=\"async\" class=\"size-medium wp-image-4215\" src=\"https:\/\/jairolibreros.com\/wp-content\/uploads\/2025\/08\/IMG_1765-300x223.jpg\" alt=\"\" width=\"300\" height=\"223\" srcset=\"https:\/\/jairolibreros.com\/wp-content\/uploads\/2025\/08\/IMG_1765-300x223.jpg 300w, https:\/\/jairolibreros.com\/wp-content\/uploads\/2025\/08\/IMG_1765-768x571.jpg 768w, https:\/\/jairolibreros.com\/wp-content\/uploads\/2025\/08\/IMG_1765.jpg 828w\" sizes=\"(max-width: 300px) 100vw, 300px\" \/><figcaption id=\"caption-attachment-4215\" class=\"wp-caption-text\">Jairo Libreros. El Tiempo. 12.08.2025<\/figcaption><\/figure>\n<p class=\"p1\"><span style=\"font-family: tahoma, arial, helvetica, sans-serif; font-size: 14pt;\"><strong><span class=\"s1\">\u00bfVamos a ver a un presidente en su \u00faltimo a\u00f1o medito en la campa\u00f1a para que uno de los suyos gane las elecciones?<\/span><\/strong><\/span><\/p>\n<p class=\"p1\"><span style=\"font-family: tahoma, arial, helvetica, sans-serif; font-size: 14pt;\"><span class=\"s1\">\u201c<\/span><em><span class=\"s2\">El presidente Petro no se juega en este \u00faltimo a\u00f1o su legado, sino el presente y futuro de la izquierda en el poder.<\/span><\/em><\/span><\/p>\n<p class=\"p1\"><span style=\"font-family: tahoma, arial, helvetica, sans-serif; font-size: 14pt;\"><em><span class=\"s2\">Petro sabe que si no pone a un miembro de sus huestes como sucesor, se desvanece en el horizonte electoral la oportunidad de un nuevo gobierno progresista, porque la reconstrucci\u00f3n que realizar\u00e1 el nuevo inquilino de la Casa de Nari\u00f1o compromete la viabilidad pol\u00edtica, econ\u00f3mica y fiscal del Estado, y ese ejercicio develar\u00e1 las fisuras, yerros y contradicciones del gobierno del cambio.<\/span><\/em><\/span><\/p>\n<p class=\"p1\"><span style=\"font-family: tahoma, arial, helvetica, sans-serif; font-size: 14pt;\"><em><span class=\"s2\">Por ello, el presidente Petro intervendr\u00e1 directamente en el proceso electoral de 2026, lo cual vulnerar\u00e1 el principio constitucional de la alternancia pol\u00edtica en el poder<\/span><\/em><span class=\"s1\">\u201d: <\/span><strong><span class=\"s3\">Jairo Libreros<\/span><\/strong><span class=\"s1\">.<\/span><\/span><\/p>\n<p class=\"p1\"><span style=\"font-size: 14pt; font-family: tahoma, arial, helvetica, sans-serif;\"><strong>\u00bfCu\u00e1l es el impacto pol\u00edtico puede tener la muerte de Miguel Uribe en las elecciones?<\/strong><\/span><\/p>\n<p class=\"p1\"><span style=\"font-size: 14pt; font-family: tahoma, arial, helvetica, sans-serif;\">&#8220;<em>El impacto pol\u00edtico del magnicidio de Miguel Uribe Turbay es un tsunami electoral que se llevar\u00e1 a su paso la paz total del gobierno de Gustavo Petro como eslogan electoral del Pacto Hist\u00f3rico, obligar\u00e1 a los candidatos y partidos del centro del espectro pol\u00edtico a subirle el tono a sus iniciativas de seguridad y condiciona el discurso program\u00e1tico del Centro Democr\u00e1tico a la imagen de Uribe Turbay.<\/em><\/span><\/p>\n<p class=\"p1\"><span style=\"font-size: 14pt; font-family: tahoma, arial, helvetica, sans-serif;\"><em>De un lado, la paz total recibe la estocada final como pol\u00edtica bandera del gobierno del cambio, lo cual se reflejar\u00e1 en el rechazo mayoritario al proyecto de sometimiento a la justicia. La discusi\u00f3n del proyecto se convertir\u00e1 en un escenario de control pol\u00edtico, que adem\u00e1s de definir su archivo tambi\u00e9n dejar\u00e1 sin oxigeno el eslogan de la paz total como caballo de batalla electoral del Pacto Hist\u00f3rico para el 2026.<\/em><\/span><\/p>\n<p class=\"p1\"><span style=\"font-size: 14pt; font-family: tahoma, arial, helvetica, sans-serif;\"><em>Del otro lado, las candidaturas de los partidos y movimientos pol\u00edticos del centro s\u00f3lo ser\u00e1n viables en t\u00e9rminos de intenci\u00f3n del voto si logran convencer a los encuestados con propuestas de seguridad s\u00f3lidas, realizables y de alto impacto medi\u00e1tico. Este cedazo dejar\u00e1 a muy pocos aspirantes en la contienda.<\/em><\/span><\/p>\n<p class=\"p1\"><span style=\"font-size: 14pt; font-family: tahoma, arial, helvetica, sans-serif;\"><em>Y por \u00faltimo, el Centro Democr\u00e1tico fijar\u00e1 su discurso electoral en las ideas de campa\u00f1a de Miguel Uribe. M\u00e1s que un legado ser\u00e1 una partitura, cuya composici\u00f3n pol\u00edtica les permitir\u00e1 pasar por debajo del radar la situaci\u00f3n jur\u00eddica del expresidente \u00c1lvaro Uribe exaltando la figura de v\u00edctima y m\u00e1rtir de Uribe Turbay -que sin duda lo es- de la violencia pol\u00edtica que se exacerb\u00f3 en el per\u00edodo de la paz total<\/em>&#8220;: <strong>Jairo Libreros<\/strong>.<\/span><\/p>\n<p><span style=\"font-family: tahoma, arial, helvetica, sans-serif; font-size: 14pt;\">El link de El Tiempo con el an\u00e1lisis es el siguiente:<\/span><\/p>\n<p><iframe hcb-fetch-image-from=\"https:\/\/www.youtube.com\/watch?v=SjRtAE4_HdU\" title=\"As\u00ed fue el primer d\u00eda de velaci\u00f3n del senador y precandidato Miguel Uribe Turbay | El Tiempo\" width=\"640\" height=\"360\" src=\"https:\/\/www.youtube.com\/embed\/SjRtAE4_HdU?feature=oembed\" frameborder=\"0\" allow=\"accelerometer; autoplay; clipboard-write; encrypted-media; gyroscope; picture-in-picture; web-share\" referrerpolicy=\"strict-origin-when-cross-origin\" allowfullscreen><\/iframe><\/p>\n<p style=\"text-align: right;\"><span style=\"font-family: tahoma, arial, helvetica, sans-serif; font-size: 14pt;\"><a href=\"https:\/\/jairolibreros.com\/\"><strong><span style=\"text-decoration: underline;\">Blog de Jairo Libreros<\/span><\/strong><\/a><\/span><\/p>\n","protected":false},"excerpt":{"rendered":"<p>As\u00ed fue el primer d\u00eda de velaci\u00f3n del senador y precandidato Miguel Uribe Turbay El Tiempo \u2022 Martha Torres, Jhon Torres y Ernesto <\/p>\n","protected":false},"author":1,"featured_media":3289,"comment_status":"open","ping_status":"open","sticky":false,"template":"","format":"standard","meta":{"om_disable_all_campaigns":false,"_monsterinsights_skip_tracking":false,"_monsterinsights_sitenote_active":false,"_monsterinsights_sitenote_note":"","_monsterinsights_sitenote_category":0,"footnotes":""},"categories":[95,1],"tags":[44,54,53],"aioseo_notices":[],"class_list":["post-4209","post","type-post","status-publish","format-standard","has-post-thumbnail","hentry","category-el-tiempo","category-jairo-libreros","tag-elecciones","tag-comunicacion-politica","tag-politicas-publicas"],"_links":{"self":[{"href":"https:\/\/jairolibreros.com\/index.php?rest_route=\/wp\/v2\/posts\/4209"}],"collection":[{"href":"https:\/\/jairolibreros.com\/index.php?rest_route=\/wp\/v2\/posts"}],"about":[{"href":"https:\/\/jairolibreros.com\/index.php?rest_route=\/wp\/v2\/types\/post"}],"author":[{"embeddable":true,"href":"https:\/\/jairolibreros.com\/index.php?rest_route=\/wp\/v2\/users\/1"}],"replies":[{"embeddable":true,"href":"https:\/\/jairolibreros.com\/index.php?rest_route=%2Fwp%2Fv2%2Fcomments&post=4209"}],"version-history":[{"count":5,"href":"https:\/\/jairolibreros.com\/index.php?rest_route=\/wp\/v2\/posts\/4209\/revisions"}],"predecessor-version":[{"id":4575,"href":"https:\/\/jairolibreros.com\/index.php?rest_route=\/wp\/v2\/posts\/4209\/revisions\/4575"}],"wp:featuredmedia":[{"embeddable":true,"href":"https:\/\/jairolibreros.com\/index.php?rest_route=\/wp\/v2\/media\/3289"}],"wp:attachment":[{"href":"https:\/\/jairolibreros.com\/index.php?rest_route=%2Fwp%2Fv2%2Fmedia&parent=4209"}],"wp:term":[{"taxonomy":"category","embeddable":true,"href":"https:\/\/jairolibreros.com\/index.php?rest_route=%2Fwp%2Fv2%2Fcategories&post=4209"},{"taxonomy":"post_tag","embeddable":true,"href":"https:\/\/jairolibreros.com\/index.php?rest_route=%2Fwp%2Fv2%2Ftags&post=4209"}],"curies":[{"name":"wp","href":"https:\/\/api.w.org\/{rel}","templated":true}]}}