{"id":4217,"date":"2025-08-13T22:48:53","date_gmt":"2025-08-13T22:48:53","guid":{"rendered":"https:\/\/jairolibreros.com\/?p=4217"},"modified":"2025-09-18T00:22:59","modified_gmt":"2025-09-18T00:22:59","slug":"ejercitos-articulados-y-zona-economica-binacional-entre-colombia-y-venezuela","status":"publish","type":"post","link":"https:\/\/jairolibreros.com\/?p=4217","title":{"rendered":"Ej\u00e9rcitos articulados y zona econ\u00f3mica binacional entre Colombia y Venezuela"},"content":{"rendered":"<p><span style=\"font-size: 14pt; font-family: tahoma, arial, helvetica, sans-serif;\"><strong>Ej\u00e9rcitos articulados y zona econ\u00f3mica binacional entre Colombia y Venezuela<\/strong><\/span><\/p>\n<p><span style=\"font-size: 14pt; font-family: tahoma, arial, helvetica, sans-serif;\"><em><span class=\"s1\">Hora20 \u2022 Caracol Radio \u2022 Jos\u00e9 Mar\u00eda Escovar Quiroga \u2022 13.08.2025<\/span><\/em><\/span><\/p>\n<p class=\"p1\" style=\"text-align: center;\"><span style=\"font-size: 14pt; font-family: tahoma, arial, helvetica, sans-serif;\"><strong>Panelistas analizaron lo que implican las afirmaciones de Nicol\u00e1s Maduro y Gustavo Petro sobre la \u2018uni\u00f3n\u2019 de las fuerzas militares de los dos pa\u00edses a nivel constitucional, legal e internacional<\/strong><\/span><\/p>\n<figure id=\"attachment_4219\" aria-describedby=\"caption-attachment-4219\" style=\"width: 240px\" class=\"wp-caption alignleft\"><img fetchpriority=\"high\" decoding=\"async\" class=\"size-medium wp-image-4219\" src=\"https:\/\/jairolibreros.com\/wp-content\/uploads\/2025\/08\/IMG_5479-240x300.jpg\" alt=\"\" width=\"240\" height=\"300\" srcset=\"https:\/\/jairolibreros.com\/wp-content\/uploads\/2025\/08\/IMG_5479-240x300.jpg 240w, https:\/\/jairolibreros.com\/wp-content\/uploads\/2025\/08\/IMG_5479-819x1024.jpg 819w, https:\/\/jairolibreros.com\/wp-content\/uploads\/2025\/08\/IMG_5479-768x960.jpg 768w, https:\/\/jairolibreros.com\/wp-content\/uploads\/2025\/08\/IMG_5479.jpg 1080w\" sizes=\"(max-width: 240px) 100vw, 240px\" \/><figcaption id=\"caption-attachment-4219\" class=\"wp-caption-text\"><span style=\"font-size: 10pt; font-family: tahoma, arial, helvetica, sans-serif;\"><span style=\"font-size: 12pt;\"><strong>Jairo Libreros<\/strong><\/span>. Hora20. Caracol Radio. Eje\u0301rcitos articulados y zona econo\u0301mica binacional.<\/span><\/figcaption><\/figure>\n<p class=\"p1\"><span style=\"font-size: 14pt; font-family: tahoma, arial, helvetica, sans-serif;\">En Hora20 el an\u00e1lisis de los anuncios sobre la articulaci\u00f3n de los ej\u00e9rcitos de Colombia y Venezuela, despu\u00e9s de que el presidente Gustavo Petro expresara su apoyo a Nicol\u00e1s Maduro ante el aumento de tensiones con el gobierno de Estados Unidos por su orden de captura internacional. Una mirada a la cooperaci\u00f3n en el territorio fronterizo de 2.341 kil\u00f3metros, la soberan\u00eda nacional, seguridad, paz y violencia por la presencia de grupos armados en el contexto de la propuesta de \u2018zona binacional\u2019 colombo-venezolana.<\/span><\/p>\n<p class=\"p3\"><span style=\"font-size: 14pt; font-family: tahoma, arial, helvetica, sans-serif;\"><b>Lo que dicen los panelistas<\/b><\/span><\/p>\n<figure id=\"attachment_4222\" aria-describedby=\"caption-attachment-4222\" style=\"width: 300px\" class=\"wp-caption alignright\"><img decoding=\"async\" class=\"size-medium wp-image-4222\" src=\"https:\/\/jairolibreros.com\/wp-content\/uploads\/2025\/08\/IMG_5481-300x200.jpg\" alt=\"\" width=\"300\" height=\"200\" srcset=\"https:\/\/jairolibreros.com\/wp-content\/uploads\/2025\/08\/IMG_5481-300x200.jpg 300w, https:\/\/jairolibreros.com\/wp-content\/uploads\/2025\/08\/IMG_5481-1024x682.jpg 1024w, https:\/\/jairolibreros.com\/wp-content\/uploads\/2025\/08\/IMG_5481-768x512.jpg 768w, https:\/\/jairolibreros.com\/wp-content\/uploads\/2025\/08\/IMG_5481.jpg 1280w\" sizes=\"(max-width: 300px) 100vw, 300px\" \/><figcaption id=\"caption-attachment-4222\" class=\"wp-caption-text\"><strong><span style=\"font-size: 12pt;\">Jairo Libreros<\/span><\/strong>.<span style=\"font-size: 10pt;\"> Hora20. Caracol Radio. <span style=\"font-family: tahoma, arial, helvetica, sans-serif;\">Eje\u0301rcitos articulados y zona econo\u0301mica binacional entre Colombia y Venezuela. <\/span>13.08.2025<\/span><\/figcaption><\/figure>\n<p class=\"p1\"><span style=\"font-size: 14pt; font-family: tahoma, arial, helvetica, sans-serif;\">Para\u00a0<b>Jairo Libreros, abogado, profesor universitario y experto en temas de seguridad,<\/b>\u00a0no se est\u00e1 hablando de pol\u00edtica militar sino de comprometer la soberan\u00eda nacional colombiana<b>, \u201ccuando un ej\u00e9rcito de otro pa\u00eds tiene total injerencia en otro, no solamente en la toma de decisiones sino en el control territorial, es en la unificaci\u00f3n de ej\u00e9rcitos que no tiene antecedentes en Am\u00e9rica Latina\u201d<\/b>. <\/span><span style=\"font-size: 14pt; font-family: tahoma, arial, helvetica, sans-serif;\">Atado a ese tema, cree que la idea de solucionar por medio de la unificaci\u00f3n de ej\u00e9rcitos la intromisi\u00f3n de Estados Unidos, <b>\u201ces un anzuelo que se tom\u00f3 por completo el presidente Petro o hace parte de este<\/b>, pues es una idea del pasado, previa a la globalizaci\u00f3n, y\u00a0<b>un desprop\u00f3sito en materia de defensa nacional y seguridad\u201d.<\/b><\/span><\/p>\n<p class=\"p1\"><span style=\"font-size: 14pt; font-family: tahoma, arial, helvetica, sans-serif;\">Adem\u00e1s, distingui\u00f3 que\u00a0<b>una alianza con una dictadura se puede hacer legalmente<\/b>, \u201cno hay una sola l\u00ednea de jurisprudencia del Consejo de Estado o de la Corte Constitucional que establezca un l\u00edmite sobre este particular.\u00a0<b>Caso distinto es que Colombia ha sido el \u00fanico pa\u00eds en Am\u00e9rica Latina que no ha suscrito alianzas con dictaduras<\/b>\u201d.<\/span><\/p>\n<p><span style=\"font-size: 14pt; font-family: tahoma, arial, helvetica, sans-serif;\">El video de Hora20 de Caracol Radio es el siguiente:<\/span><\/p>\n<p><iframe hcb-fetch-image-from=\"https:\/\/www.youtube.com\/watch?v=1Md_29BJ2VU\" title=\"Hora 20 - Ej\u00e9rcitos articulados y zona econ\u00f3mica binacional entre Colombia y Venezuela\" width=\"640\" height=\"360\" src=\"https:\/\/www.youtube.com\/embed\/1Md_29BJ2VU?feature=oembed\" frameborder=\"0\" allow=\"accelerometer; autoplay; clipboard-write; encrypted-media; gyroscope; picture-in-picture; web-share\" referrerpolicy=\"strict-origin-when-cross-origin\" allowfullscreen><\/iframe><\/p>\n<p><span style=\"font-size: 14pt; font-family: tahoma, arial, helvetica, sans-serif;\">El audio de Hora de Caracol Radio es el siguiente:<\/span><\/p>\n<!--[if lt IE 9]><script>document.createElement('audio');<\/script><![endif]-->\n<audio class=\"wp-audio-shortcode\" id=\"audio-4217-1\" preload=\"none\" style=\"width: 100%;\" controls=\"controls\"><source type=\"audio\/mpeg\" src=\"https:\/\/jairolibreros.com\/wp-content\/uploads\/2025\/08\/Ejercitos-articulados-y-zona-economica-binacional-entre-Colombia-y-Venezuela.mp3?_=1\" \/><a href=\"https:\/\/jairolibreros.com\/wp-content\/uploads\/2025\/08\/Ejercitos-articulados-y-zona-economica-binacional-entre-Colombia-y-Venezuela.mp3\">https:\/\/jairolibreros.com\/wp-content\/uploads\/2025\/08\/Ejercitos-articulados-y-zona-economica-binacional-entre-Colombia-y-Venezuela.mp3<\/a><\/audio>\n<p><span style=\"font-size: 14pt; font-family: tahoma, arial, helvetica, sans-serif;\">El link\u00a0de Hora20 de Caracol Radio es siguiente:<\/span><\/p>\n<p><span style=\"font-size: 14pt; font-family: tahoma, arial, helvetica, sans-serif;\"><span style=\"text-decoration: underline;\"><a href=\"https:\/\/caracol.com.co\/2025\/08\/14\/ejercitos-articulados-y-zona-economica-binacional-entre-colombia-y-venezuela\/\">https:\/\/caracol.com.co\/2025\/08\/14\/ejercitos-articulados-y-zona-economica-binacional-entre-colombia-y-venezuela\/<\/a><\/span>\u00a0<\/span><\/p>\n<p style=\"text-align: right;\"><span style=\"text-decoration: underline; font-size: 14pt; font-family: tahoma, arial, helvetica, sans-serif;\"><a href=\"https:\/\/jairolibreros.com\/\"><strong>Blog de Jairo Libreros<\/strong><\/a><\/span><\/p>\n","protected":false},"excerpt":{"rendered":"<p>Ej\u00e9rcitos articulados y zona econ\u00f3mica binacional entre Colombia y Venezuela Hora20 \u2022 Caracol Radio \u2022 Jos\u00e9 Mar\u00eda Escovar Quiroga \u2022 13.08.2025 Panelistas analizaron <\/p>\n","protected":false},"author":1,"featured_media":4222,"comment_status":"open","ping_status":"open","sticky":false,"template":"","format":"standard","meta":{"om_disable_all_campaigns":false,"_monsterinsights_skip_tracking":false,"_monsterinsights_sitenote_active":false,"_monsterinsights_sitenote_note":"","_monsterinsights_sitenote_category":0,"footnotes":""},"categories":[94,1],"tags":[54,90,97,64,53,39],"aioseo_notices":[],"class_list":["post-4217","post","type-post","status-publish","format-standard","has-post-thumbnail","hentry","category-caracol-radio","category-jairo-libreros","tag-comunicacion-politica","tag-seguridad-y-defensa-nacional","tag-inteligencia-estrategica","tag-politica-internacional","tag-politicas-publicas","tag-seguridad-ciudadana"],"_links":{"self":[{"href":"https:\/\/jairolibreros.com\/index.php?rest_route=\/wp\/v2\/posts\/4217"}],"collection":[{"href":"https:\/\/jairolibreros.com\/index.php?rest_route=\/wp\/v2\/posts"}],"about":[{"href":"https:\/\/jairolibreros.com\/index.php?rest_route=\/wp\/v2\/types\/post"}],"author":[{"embeddable":true,"href":"https:\/\/jairolibreros.com\/index.php?rest_route=\/wp\/v2\/users\/1"}],"replies":[{"embeddable":true,"href":"https:\/\/jairolibreros.com\/index.php?rest_route=%2Fwp%2Fv2%2Fcomments&post=4217"}],"version-history":[{"count":5,"href":"https:\/\/jairolibreros.com\/index.php?rest_route=\/wp\/v2\/posts\/4217\/revisions"}],"predecessor-version":[{"id":4577,"href":"https:\/\/jairolibreros.com\/index.php?rest_route=\/wp\/v2\/posts\/4217\/revisions\/4577"}],"wp:featuredmedia":[{"embeddable":true,"href":"https:\/\/jairolibreros.com\/index.php?rest_route=\/wp\/v2\/media\/4222"}],"wp:attachment":[{"href":"https:\/\/jairolibreros.com\/index.php?rest_route=%2Fwp%2Fv2%2Fmedia&parent=4217"}],"wp:term":[{"taxonomy":"category","embeddable":true,"href":"https:\/\/jairolibreros.com\/index.php?rest_route=%2Fwp%2Fv2%2Fcategories&post=4217"},{"taxonomy":"post_tag","embeddable":true,"href":"https:\/\/jairolibreros.com\/index.php?rest_route=%2Fwp%2Fv2%2Ftags&post=4217"}],"curies":[{"name":"wp","href":"https:\/\/api.w.org\/{rel}","templated":true}]}}