{"id":4259,"date":"2025-08-18T08:05:02","date_gmt":"2025-08-18T08:05:02","guid":{"rendered":"https:\/\/jairolibreros.com\/?p=4259"},"modified":"2025-09-18T00:24:18","modified_gmt":"2025-09-18T00:24:18","slug":"los-riesgos-y-zonas-grises-que-ponen-en-duda-la-cooperacion-militar-con-venezuela-tras-anuncio-de-nicolas-maduro","status":"publish","type":"post","link":"https:\/\/jairolibreros.com\/?p=4259","title":{"rendered":"Los riesgos y zonas grises que ponen en duda la cooperaci\u00f3n militar con Venezuela tras anuncio de Nicol\u00e1s Maduro"},"content":{"rendered":"<p><span style=\"font-family: tahoma, arial, helvetica, sans-serif; font-size: 14pt;\"><strong>Los riesgos y zonas grises que ponen en duda la cooperaci\u00f3n militar con Venezuela tras anuncio de Nicol\u00e1s Maduro<\/strong><\/span><\/p>\n<p><span style=\"font-family: tahoma, arial, helvetica, sans-serif; font-size: 14pt;\"><em>El Tiempo \u00b7 Jes\u00fas Blanquicet y Laura Garc\u00eda \u00b7 18.08.2025<\/em><\/span><\/p>\n<p class=\"p1\" style=\"text-align: center;\"><span style=\"font-family: tahoma, arial, helvetica, sans-serif; font-size: 14pt;\"><strong>Expertos aseguran que no es viable compartir inteligencia y coordinar operaciones con autoridades se\u00f1aladas de beneficiarse del narcotr\u00e1fico<\/strong><\/span><\/p>\n<p class=\"p1\"><span style=\"font-family: tahoma, arial, helvetica, sans-serif; font-size: 14pt;\"><strong>Jairo Libreros, profesor de Seguridad y Defensa de la Universidad del Externado<\/strong>, dice que la iniciativa es \u201ct\u00f3xica para Colombia: pensar que se pueden unificar los esfuerzos militares entre dos pa\u00edses es un procedimiento que demanda una discusi\u00f3n nacional de alt\u00edsimo nivel, m\u00e1s a\u00fan cuando estamos hablando con un gobierno que no es democr\u00e1tico\u201d.<\/span><\/p>\n<p class=\"p1\"><span style=\"font-family: tahoma, arial, helvetica, sans-serif; font-size: 14pt;\">Analistas y fuentes oficiales coinciden en que los problemas de seguridad en la zona de frontera han superado hist\u00f3ricamente las capacidades colombianas,\u00a0<b>pero dudan de que la soluci\u00f3n a ese reto sea una alianza estrecha con las actuales autoridades de Venezuela.<\/b><\/span><\/p>\n<p class=\"p1\"><span style=\"font-family: tahoma, arial, helvetica, sans-serif; font-size: 14pt;\">Un primer paso ser\u00eda que Caracas cumpliera las obligaciones internacionales y combatiera realmente las estructuras criminales asentadas con relativa tranquilidad en su territorio. Esas fuentes dicen que no se necesita ninguna alianza para que el r\u00e9gimen empiece a desmantelar los campamentos, con escuelas de francotiradores y operadores de drones incluidas, que mantiene el Eln en estados como Apure, T\u00e1chira, Amazonas y Zulia.<\/span><\/p>\n<p><span style=\"font-family: tahoma, arial, helvetica, sans-serif; font-size: 14pt;\">El link de El Tiempo con mi an\u00e1lisis es el siguiente:<\/span><\/p>\n<p><span style=\"font-family: tahoma, arial, helvetica, sans-serif; font-size: 14pt;\"><span style=\"text-decoration: underline;\"><a href=\"https:\/\/www.eltiempo.com\/justicia\/conflicto-y-narcotrafico\/los-riesgos-y-zonas-grises-que-ponen-en-duda-la-cooperacion-militar-con-venezuela-3482247\">https:\/\/www.eltiempo.com\/justicia\/conflicto-y-narcotrafico\/los-riesgos-y-zonas-grises-que-ponen-en-duda-la-cooperacion-militar-con-venezuela-3482247<\/a><\/span>\u00a0<\/span><\/p>\n<p style=\"text-align: right;\"><span style=\"text-decoration: underline; font-family: tahoma, arial, helvetica, sans-serif; font-size: 14pt;\"><a href=\"https:\/\/jairolibreros.com\/\"><strong>Blog de Jairo Libreros<\/strong><\/a><\/span><\/p>\n","protected":false},"excerpt":{"rendered":"<p>Los riesgos y zonas grises que ponen en duda la cooperaci\u00f3n militar con Venezuela tras anuncio de Nicol\u00e1s Maduro El Tiempo \u00b7 Jes\u00fas <\/p>\n","protected":false},"author":1,"featured_media":3296,"comment_status":"open","ping_status":"open","sticky":false,"template":"","format":"standard","meta":{"om_disable_all_campaigns":false,"_monsterinsights_skip_tracking":false,"_monsterinsights_sitenote_active":false,"_monsterinsights_sitenote_note":"","_monsterinsights_sitenote_category":0,"footnotes":""},"categories":[95,1],"tags":[54,90,97,39],"aioseo_notices":[],"class_list":["post-4259","post","type-post","status-publish","format-standard","has-post-thumbnail","hentry","category-el-tiempo","category-jairo-libreros","tag-comunicacion-politica","tag-seguridad-y-defensa-nacional","tag-inteligencia-estrategica","tag-seguridad-ciudadana"],"_links":{"self":[{"href":"https:\/\/jairolibreros.com\/index.php?rest_route=\/wp\/v2\/posts\/4259"}],"collection":[{"href":"https:\/\/jairolibreros.com\/index.php?rest_route=\/wp\/v2\/posts"}],"about":[{"href":"https:\/\/jairolibreros.com\/index.php?rest_route=\/wp\/v2\/types\/post"}],"author":[{"embeddable":true,"href":"https:\/\/jairolibreros.com\/index.php?rest_route=\/wp\/v2\/users\/1"}],"replies":[{"embeddable":true,"href":"https:\/\/jairolibreros.com\/index.php?rest_route=%2Fwp%2Fv2%2Fcomments&post=4259"}],"version-history":[{"count":2,"href":"https:\/\/jairolibreros.com\/index.php?rest_route=\/wp\/v2\/posts\/4259\/revisions"}],"predecessor-version":[{"id":4579,"href":"https:\/\/jairolibreros.com\/index.php?rest_route=\/wp\/v2\/posts\/4259\/revisions\/4579"}],"wp:featuredmedia":[{"embeddable":true,"href":"https:\/\/jairolibreros.com\/index.php?rest_route=\/wp\/v2\/media\/3296"}],"wp:attachment":[{"href":"https:\/\/jairolibreros.com\/index.php?rest_route=%2Fwp%2Fv2%2Fmedia&parent=4259"}],"wp:term":[{"taxonomy":"category","embeddable":true,"href":"https:\/\/jairolibreros.com\/index.php?rest_route=%2Fwp%2Fv2%2Fcategories&post=4259"},{"taxonomy":"post_tag","embeddable":true,"href":"https:\/\/jairolibreros.com\/index.php?rest_route=%2Fwp%2Fv2%2Ftags&post=4259"}],"curies":[{"name":"wp","href":"https:\/\/api.w.org\/{rel}","templated":true}]}}