{"id":4268,"date":"2025-08-19T11:31:36","date_gmt":"2025-08-19T11:31:36","guid":{"rendered":"https:\/\/jairolibreros.com\/?p=4268"},"modified":"2025-09-18T00:24:59","modified_gmt":"2025-09-18T00:24:59","slug":"soy-la-voz-de-quienes-reconocemos-la-fuerza-electoral-del-uribismo-pero-sin-uribismo-no-hay-centro-democratico","status":"publish","type":"post","link":"https:\/\/jairolibreros.com\/?p=4268","title":{"rendered":"Soy la voz de qui\u00e9nes reconocemos  la fuerza electoral del uribismo. Pero sin uribismo, no hay Centro Democr\u00e1tico"},"content":{"rendered":"<p><span style=\"font-family: tahoma, arial, helvetica, sans-serif; font-size: 14pt;\"><strong>Soy la voz de qui\u00e9nes reconocemos la fuerza electoral del uribismo. Pero sin uribismo, no hay Centro Democr\u00e1tico<\/strong><\/span><\/p>\n<p><span style=\"font-family: tahoma, arial, helvetica, sans-serif; font-size: 14pt;\"><em><a class=\"css-4rbku5 css-18t94o4 css-901oao css-16my406 r-1cvl2hr r-1loqt21 r-poiln3 r-bcqeeo r-1ny4l3l r-1ddef8g r-tjvw6i r-qvutc0\" dir=\"ltr\" role=\"link\" href=\"https:\/\/twitter.com\/hashtag\/SoyLaVoz?src=hashtag_click\">#SoyLaVoz<\/a> \u00b7 6AM \u00b7 Caracol Radio \u00b7 19.08.2025<\/em><\/span><\/p>\n<!--[if lt IE 9]><script>document.createElement('audio');<\/script><![endif]-->\n<audio class=\"wp-audio-shortcode\" id=\"audio-4268-1\" preload=\"none\" style=\"width: 100%;\" controls=\"controls\"><source type=\"audio\/mpeg\" src=\"https:\/\/jairolibreros.com\/wp-content\/uploads\/2025\/08\/AUDIO-2025-08-18-23-09-18.m4a?_=1\" \/><a href=\"https:\/\/jairolibreros.com\/wp-content\/uploads\/2025\/08\/AUDIO-2025-08-18-23-09-18.m4a\">https:\/\/jairolibreros.com\/wp-content\/uploads\/2025\/08\/AUDIO-2025-08-18-23-09-18.m4a<\/a><\/audio>\n<p>&nbsp;<\/p>\n<p class=\"p1\"><span style=\"font-family: tahoma, arial, helvetica, sans-serif; font-size: 14pt;\">Hola, les habla <b>Jairo Libreros<\/b>, profesor de la Universidad Externado de Colombia, y soy la voz de qui\u00e9nes reconocemos -sin duda alguna- la fuerza electoral del uribismo. Pero sin uribismo, no hay Centro Democr\u00e1tico.<\/span><\/p>\n<p class=\"p1\"><span style=\"font-family: tahoma, arial, helvetica, sans-serif; font-size: 14pt;\">En lo corrido del siglo XXI, \u00c1lvaro Uribe V\u00e9lez lleg\u00f3 cuatro veces a la Casa de Nari\u00f1o. En dos oportunidades como inquilino titular, y en otras dos ocasiones como locatario en cuerpo ajeno con Juan Manuel Santos e Iv\u00e1n Duque.<\/span><\/p>\n<p class=\"p1\"><span style=\"font-family: tahoma, arial, helvetica, sans-serif; font-size: 14pt;\">La sabidur\u00eda popular acu\u00f1\u00f3 la frase \u201c<i>no hay quinto malo<\/i>\u201d, y todos los candidatos del Centro Democr\u00e1tico aspiran llevarse la posta del uribismo, esto es, la bendici\u00f3n de \u00c1lvaro Uribe, para refrendar por quinta vez el Palacio de Nari\u00f1o.<\/span><\/p>\n<p class=\"p1\"><span style=\"font-family: tahoma, arial, helvetica, sans-serif; font-size: 14pt;\">El problema estriba en que en esta corrida el toro de lidia del Centro Democr\u00e1tico, es decir, Uribe V\u00e9lez, acusa desgaste por las banderillas judiciales que recibi\u00f3 al ser condenado en primera instancia, lo cual se convertir\u00e1 en una pesada carga pol\u00edtica si en octubre el Tribunal de Bogot\u00e1 confirma la condena.<\/span><\/p>\n<p class=\"p1\"><span style=\"font-family: tahoma, arial, helvetica, sans-serif; font-size: 14pt;\">En conclusi\u00f3n, con Uribe a media marcha y con sus precandidatos sin despegar en las encuestas de intenci\u00f3n de voto, la suerte del Centro Democr\u00e1tico no est\u00e1 en sus propias manos, sino en las elecciones interpartidistas de marzo de 2026, a instancias de un tercero mejor posicionado en las urnas.<\/span><\/p>\n<p class=\"p1\"><span style=\"font-family: tahoma, arial, helvetica, sans-serif; font-size: 14pt;\">Posdata. Qui\u00e9n est\u00e1 por llegar al Centro Democr\u00e1tico en representaci\u00f3n de Miguel Uribe Londo\u00f1o puede ser un parto de los montes. Pero eso est\u00e1 por verse.<\/span><\/p>\n<p style=\"text-align: right;\"><span style=\"text-decoration: underline; font-family: tahoma, arial, helvetica, sans-serif; font-size: 14pt;\"><a href=\"https:\/\/jairolibreros.com\/\"><strong>Blog de Jairo Libreros<\/strong><\/a><\/span><\/p>\n","protected":false},"excerpt":{"rendered":"<p>Soy la voz de qui\u00e9nes reconocemos la fuerza electoral del uribismo. Pero sin uribismo, no hay Centro Democr\u00e1tico #SoyLaVoz \u00b7 6AM \u00b7 Caracol <\/p>\n","protected":false},"author":1,"featured_media":428,"comment_status":"open","ping_status":"open","sticky":false,"template":"","format":"standard","meta":{"om_disable_all_campaigns":false,"_monsterinsights_skip_tracking":false,"_monsterinsights_sitenote_active":false,"_monsterinsights_sitenote_note":"","_monsterinsights_sitenote_category":0,"footnotes":""},"categories":[94,1],"tags":[44,54],"aioseo_notices":[],"class_list":["post-4268","post","type-post","status-publish","format-standard","has-post-thumbnail","hentry","category-caracol-radio","category-jairo-libreros","tag-elecciones","tag-comunicacion-politica"],"_links":{"self":[{"href":"https:\/\/jairolibreros.com\/index.php?rest_route=\/wp\/v2\/posts\/4268"}],"collection":[{"href":"https:\/\/jairolibreros.com\/index.php?rest_route=\/wp\/v2\/posts"}],"about":[{"href":"https:\/\/jairolibreros.com\/index.php?rest_route=\/wp\/v2\/types\/post"}],"author":[{"embeddable":true,"href":"https:\/\/jairolibreros.com\/index.php?rest_route=\/wp\/v2\/users\/1"}],"replies":[{"embeddable":true,"href":"https:\/\/jairolibreros.com\/index.php?rest_route=%2Fwp%2Fv2%2Fcomments&post=4268"}],"version-history":[{"count":2,"href":"https:\/\/jairolibreros.com\/index.php?rest_route=\/wp\/v2\/posts\/4268\/revisions"}],"predecessor-version":[{"id":4580,"href":"https:\/\/jairolibreros.com\/index.php?rest_route=\/wp\/v2\/posts\/4268\/revisions\/4580"}],"wp:featuredmedia":[{"embeddable":true,"href":"https:\/\/jairolibreros.com\/index.php?rest_route=\/wp\/v2\/media\/428"}],"wp:attachment":[{"href":"https:\/\/jairolibreros.com\/index.php?rest_route=%2Fwp%2Fv2%2Fmedia&parent=4268"}],"wp:term":[{"taxonomy":"category","embeddable":true,"href":"https:\/\/jairolibreros.com\/index.php?rest_route=%2Fwp%2Fv2%2Fcategories&post=4268"},{"taxonomy":"post_tag","embeddable":true,"href":"https:\/\/jairolibreros.com\/index.php?rest_route=%2Fwp%2Fv2%2Ftags&post=4268"}],"curies":[{"name":"wp","href":"https:\/\/api.w.org\/{rel}","templated":true}]}}