{"id":4280,"date":"2025-08-19T22:40:51","date_gmt":"2025-08-19T22:40:51","guid":{"rendered":"https:\/\/jairolibreros.com\/?p=4280"},"modified":"2025-09-18T00:26:36","modified_gmt":"2025-09-18T00:26:36","slug":"soy-la-voz-de-quienes-reprochanos-con-verguenza-el-numero-de-compatriotas-que-salen-del-pais-en-busqueda-de-asilo-para-encontrar-un-nuevo-proyecto-de-vida","status":"publish","type":"post","link":"https:\/\/jairolibreros.com\/?p=4280","title":{"rendered":"Soy la voz de qui\u00e9nes reprochamos con verg\u00fcenza el n\u00famero de compatriotas que salen del pa\u00eds en b\u00fasqueda de asilo para encontrar un nuevo proyecto de vida"},"content":{"rendered":"<p><span style=\"font-family: tahoma, arial, helvetica, sans-serif; font-size: 14pt;\"><strong>Soy la voz de qui\u00e9nes reprochamos con verg\u00fcenza el n\u00famero de compatriotas que salen del pa\u00eds en b\u00fasqueda de asilo para encontrar un nuevo proyecto de vida<\/strong><\/span><\/p>\n<p><span style=\"font-family: tahoma, arial, helvetica, sans-serif; font-size: 14pt;\"><em><a class=\"css-4rbku5 css-18t94o4 css-901oao css-16my406 r-1cvl2hr r-1loqt21 r-poiln3 r-bcqeeo r-1ny4l3l r-1ddef8g r-tjvw6i r-qvutc0\" dir=\"ltr\" role=\"link\" href=\"https:\/\/twitter.com\/hashtag\/SoyLaVoz?src=hashtag_click\">#SoyLaVoz<\/a> \u00b7 La Luci\u00e9rnaga \u00b7 Caracol Radio \u00b7 19.08.2025<\/em><\/span><\/p>\n<!--[if lt IE 9]><script>document.createElement('audio');<\/script><![endif]-->\n<audio class=\"wp-audio-shortcode\" id=\"audio-4280-1\" preload=\"none\" style=\"width: 100%;\" controls=\"controls\"><source type=\"audio\/mpeg\" src=\"https:\/\/jairolibreros.com\/wp-content\/uploads\/2025\/08\/AUDIO-2025-08-19-18-53-07.mp3?_=1\" \/><a href=\"https:\/\/jairolibreros.com\/wp-content\/uploads\/2025\/08\/AUDIO-2025-08-19-18-53-07.mp3\">https:\/\/jairolibreros.com\/wp-content\/uploads\/2025\/08\/AUDIO-2025-08-19-18-53-07.mp3<\/a><\/audio>\n<p>&nbsp;<\/p>\n<p class=\"p1\"><span style=\"font-family: tahoma, arial, helvetica, sans-serif; font-size: 14pt;\">Hola, les habla <b>Jairo Libreros<\/b>, profesor de la Universidad Externado de Colombia, y soy la voz de qui\u00e9nes repr\u00f3chanos con verg\u00fcenza el n\u00famero de compatriotas que salen del pa\u00eds en b\u00fasqueda de asilo para encontrar un nuevo proyecto de vida.<\/span><\/p>\n<p class=\"p1\"><span style=\"font-family: tahoma, arial, helvetica, sans-serif; font-size: 14pt;\">Seg\u00fan ACNUR, durante el transcurso del 2024, aproximadamente 393 mil colombianos acudieron en el exterior a la figura del asilo para encontrar una oportunidad de residir en otro pa\u00eds.<\/span><\/p>\n<p class=\"p1\"><span style=\"font-family: tahoma, arial, helvetica, sans-serif; font-size: 14pt;\">Los motivos de esa peregrinaci\u00f3n no son despreciables. Algunos, escapan de contextos caracterizados por la violencia y el conflicto armado. Otros, en procura de un empleo que les permita so\u00f1ar con un futuro econ\u00f3mico pr\u00f3spero.<\/span><\/p>\n<p class=\"p1\"><span style=\"font-family: tahoma, arial, helvetica, sans-serif; font-size: 14pt;\">Y no pocas personas lo hacen bajo el temor de un colapso institucional que eche por tierra nuestra democracia constitucional, y por ende, con nosotros como seres humanos. Y en estas tres razones encontramos el principio de la soluci\u00f3n.<\/span><\/p>\n<p class=\"p1\"><span style=\"font-family: tahoma, arial, helvetica, sans-serif; font-size: 14pt;\">Tenemos que participar en pol\u00edtica y aprender a elegir a los mejores por sus ideas de pol\u00edtica p\u00fablica, de tal manera que con esas ideas transformen a Colombia.<\/span><\/p>\n<p class=\"p1\"><span style=\"font-family: tahoma, arial, helvetica, sans-serif; font-size: 14pt;\">En conclusi\u00f3n, la pol\u00edtica es un asunto muy serio como para dej\u00e1rsela solo a los pol\u00edticos. Si queremos revertir la di\u00e1spora y cambiar a Colombia nos toca entrar en el mundo de la pol\u00edtica. Empecemos por elegir mejor.<\/span><\/p>\n<p style=\"text-align: right;\"><span style=\"font-family: tahoma, arial, helvetica, sans-serif; font-size: 14pt;\"><a href=\"https:\/\/jairolibreros.com\/\"><strong><span style=\"text-decoration: underline;\">Blog de Jairo Libreros<\/span><\/strong><\/a><\/span><\/p>\n","protected":false},"excerpt":{"rendered":"<p>Soy la voz de qui\u00e9nes reprochamos con verg\u00fcenza el n\u00famero de compatriotas que salen del pa\u00eds en b\u00fasqueda de asilo para encontrar un <\/p>\n","protected":false},"author":1,"featured_media":428,"comment_status":"open","ping_status":"open","sticky":false,"template":"","format":"standard","meta":{"om_disable_all_campaigns":false,"_monsterinsights_skip_tracking":false,"_monsterinsights_sitenote_active":false,"_monsterinsights_sitenote_note":"","_monsterinsights_sitenote_category":0,"footnotes":""},"categories":[94,1],"tags":[54,64,53],"aioseo_notices":[],"class_list":["post-4280","post","type-post","status-publish","format-standard","has-post-thumbnail","hentry","category-caracol-radio","category-jairo-libreros","tag-comunicacion-politica","tag-politica-internacional","tag-politicas-publicas"],"_links":{"self":[{"href":"https:\/\/jairolibreros.com\/index.php?rest_route=\/wp\/v2\/posts\/4280"}],"collection":[{"href":"https:\/\/jairolibreros.com\/index.php?rest_route=\/wp\/v2\/posts"}],"about":[{"href":"https:\/\/jairolibreros.com\/index.php?rest_route=\/wp\/v2\/types\/post"}],"author":[{"embeddable":true,"href":"https:\/\/jairolibreros.com\/index.php?rest_route=\/wp\/v2\/users\/1"}],"replies":[{"embeddable":true,"href":"https:\/\/jairolibreros.com\/index.php?rest_route=%2Fwp%2Fv2%2Fcomments&post=4280"}],"version-history":[{"count":4,"href":"https:\/\/jairolibreros.com\/index.php?rest_route=\/wp\/v2\/posts\/4280\/revisions"}],"predecessor-version":[{"id":4582,"href":"https:\/\/jairolibreros.com\/index.php?rest_route=\/wp\/v2\/posts\/4280\/revisions\/4582"}],"wp:featuredmedia":[{"embeddable":true,"href":"https:\/\/jairolibreros.com\/index.php?rest_route=\/wp\/v2\/media\/428"}],"wp:attachment":[{"href":"https:\/\/jairolibreros.com\/index.php?rest_route=%2Fwp%2Fv2%2Fmedia&parent=4280"}],"wp:term":[{"taxonomy":"category","embeddable":true,"href":"https:\/\/jairolibreros.com\/index.php?rest_route=%2Fwp%2Fv2%2Fcategories&post=4280"},{"taxonomy":"post_tag","embeddable":true,"href":"https:\/\/jairolibreros.com\/index.php?rest_route=%2Fwp%2Fv2%2Ftags&post=4280"}],"curies":[{"name":"wp","href":"https:\/\/api.w.org\/{rel}","templated":true}]}}