{"id":4308,"date":"2025-08-24T11:23:42","date_gmt":"2025-08-24T11:23:42","guid":{"rendered":"https:\/\/jairolibreros.com\/?p=4308"},"modified":"2025-09-18T00:29:23","modified_gmt":"2025-09-18T00:29:23","slug":"el-narcoterrorismo-que-sacudio-a-cali-y-a-la-paz-total-del-presidente-gustavo-petro","status":"publish","type":"post","link":"https:\/\/jairolibreros.com\/?p=4308","title":{"rendered":"El narcoterrorismo que sacudi\u00f3 a Cali y a la &#8216;paz total&#8217; del presidente Gustavo Petro"},"content":{"rendered":"<p><span style=\"font-family: tahoma, arial, helvetica, sans-serif; font-size: 14pt;\"><strong>El narcoterrorismo que sacudi\u00f3 a Cali y a la &#8216;paz total&#8217; del presidente Gustavo Petro<\/strong><\/span><\/p>\n<p><span style=\"font-family: tahoma, arial, helvetica, sans-serif; font-size: 14pt;\"><em>El Tiempo \u00b7 Laura Garc\u00eda \u00b7 24.08.2025<\/em><\/span><\/p>\n<p class=\"p1\" style=\"text-align: center;\"><span style=\"font-family: tahoma, arial, helvetica, sans-serif; font-size: 14pt;\"><strong><span class=\"s1\">Debilitamiento de FFMM pasa factura a meses de elecciones. Regreso del terrorismo urbano oblig\u00f3 a replantear ideas para bandas que burlaron la paz<\/span><\/strong><\/span><\/p>\n<p class=\"p1\"><span class=\"s1\" style=\"font-family: tahoma, arial, helvetica, sans-serif; font-size: 14pt;\">\u201c<em>Tenemos que hablar de una crisis de seguridad y defensa nacional, que se puede explicar -mas no justificar- en tres elementos. El primero, el vac\u00edo estrat\u00e9gico del Ministerio de Defensa, que es una decisi\u00f3n de pol\u00edtica p\u00fablica del gobierno del presidente Gustavo Petro: no hubo un ejercicio de definici\u00f3n de los escenarios de seguridad, porque se prioriz\u00f3 la paz total como el \u00fanico mecanismo de pol\u00edtica p\u00fablica para garantizar la vida de los colombianos, salvaguardar las instituciones pol\u00edtica y asegurar el control territorial.\u00a0<\/em><\/span><\/p>\n<p class=\"p1\"><span style=\"font-family: tahoma, arial, helvetica, sans-serif; font-size: 14pt;\"><em><span class=\"s1\">El segundo, no se dise\u00f1\u00f3 una pol\u00edtica p\u00fablica con base en la evidencia que se\u00f1alaba los diferentes problemas de violencia, conflictividad y criminalidad que caracterizaban a Colombia. Se public\u00f3 una cartilla con un nombre pomposo, que no respond\u00eda al diagn\u00f3stico nacional de los territorios, texto que se construy\u00f3 sin la participaci\u00f3n efectiva de las Fuerzas Militares y de la Polic\u00eda Nacional.<\/span><\/em><\/span><\/p>\n<p class=\"p1\"><span class=\"s1\" style=\"font-family: tahoma, arial, helvetica, sans-serif; font-size: 14pt;\"><em>Y el tercer elemento, consiste en la limitaci\u00f3n intencional de la libertad de acci\u00f3n de la Fuerza P\u00fablica mediante el recorte de los gastos de funcionamiento para las operaciones policiales, militares y de inteligencia; y el debilitamiento de las capacidades de inteligencia, de manera especial mediante el retiro discrecional del servicio de oficiales de inteligencia<\/em>\u201d: <strong>Jairo Libreros<\/strong>.<\/span><\/p>\n<p><span style=\"font-family: tahoma, arial, helvetica, sans-serif; font-size: 14pt;\">El link de El Tiempo es el siguiente:<\/span><\/p>\n<p><span style=\"font-family: tahoma, arial, helvetica, sans-serif; font-size: 14pt;\"><a href=\"https:\/\/www.eltiempo.com\/justicia\/conflicto-y-narcotrafico\/el-narcoterrorismo-que-sacudio-a-cali-y-a-la-paz-total-del-presidente-gustavo-petro-3484097\"><u>https:\/\/www.eltiempo.com\/justicia\/conflicto-y-narcotrafico\/el-narcoterrorismo-que-sacudio-a-cali-y-a-la-paz-total-del-presidente-gustavo-petro-3484097<\/u><\/a><\/span><\/p>\n<p style=\"text-align: right;\"><span style=\"text-decoration: underline; font-family: tahoma, arial, helvetica, sans-serif; font-size: 14pt;\"><a href=\"https:\/\/jairolibreros.com\/\"><strong>Blog de Jairo Libreros<\/strong><\/a><\/span><\/p>\n","protected":false},"excerpt":{"rendered":"<p>El narcoterrorismo que sacudi\u00f3 a Cali y a la &#8216;paz total&#8217; del presidente Gustavo Petro El Tiempo \u00b7 Laura Garc\u00eda \u00b7 24.08.2025 Debilitamiento <\/p>\n","protected":false},"author":1,"featured_media":3296,"comment_status":"open","ping_status":"open","sticky":false,"template":"","format":"standard","meta":{"om_disable_all_campaigns":false,"_monsterinsights_skip_tracking":false,"_monsterinsights_sitenote_active":false,"_monsterinsights_sitenote_note":"","_monsterinsights_sitenote_category":0,"footnotes":""},"categories":[95,1],"tags":[54,90,97,53,39],"aioseo_notices":[],"class_list":["post-4308","post","type-post","status-publish","format-standard","has-post-thumbnail","hentry","category-el-tiempo","category-jairo-libreros","tag-comunicacion-politica","tag-seguridad-y-defensa-nacional","tag-inteligencia-estrategica","tag-politicas-publicas","tag-seguridad-ciudadana"],"_links":{"self":[{"href":"https:\/\/jairolibreros.com\/index.php?rest_route=\/wp\/v2\/posts\/4308"}],"collection":[{"href":"https:\/\/jairolibreros.com\/index.php?rest_route=\/wp\/v2\/posts"}],"about":[{"href":"https:\/\/jairolibreros.com\/index.php?rest_route=\/wp\/v2\/types\/post"}],"author":[{"embeddable":true,"href":"https:\/\/jairolibreros.com\/index.php?rest_route=\/wp\/v2\/users\/1"}],"replies":[{"embeddable":true,"href":"https:\/\/jairolibreros.com\/index.php?rest_route=%2Fwp%2Fv2%2Fcomments&post=4308"}],"version-history":[{"count":5,"href":"https:\/\/jairolibreros.com\/index.php?rest_route=\/wp\/v2\/posts\/4308\/revisions"}],"predecessor-version":[{"id":4586,"href":"https:\/\/jairolibreros.com\/index.php?rest_route=\/wp\/v2\/posts\/4308\/revisions\/4586"}],"wp:featuredmedia":[{"embeddable":true,"href":"https:\/\/jairolibreros.com\/index.php?rest_route=\/wp\/v2\/media\/3296"}],"wp:attachment":[{"href":"https:\/\/jairolibreros.com\/index.php?rest_route=%2Fwp%2Fv2%2Fmedia&parent=4308"}],"wp:term":[{"taxonomy":"category","embeddable":true,"href":"https:\/\/jairolibreros.com\/index.php?rest_route=%2Fwp%2Fv2%2Fcategories&post=4308"},{"taxonomy":"post_tag","embeddable":true,"href":"https:\/\/jairolibreros.com\/index.php?rest_route=%2Fwp%2Fv2%2Ftags&post=4308"}],"curies":[{"name":"wp","href":"https:\/\/api.w.org\/{rel}","templated":true}]}}