{"id":4348,"date":"2025-08-25T21:54:12","date_gmt":"2025-08-25T21:54:12","guid":{"rendered":"https:\/\/jairolibreros.com\/?p=4348"},"modified":"2025-09-17T13:44:14","modified_gmt":"2025-09-17T13:44:14","slug":"soy-la-voz-de-quienes-confirmamos-el-fracaso-sonoro-estruendoso-e-incontrovertible-de-la-paz-total","status":"publish","type":"post","link":"https:\/\/jairolibreros.com\/?p=4348","title":{"rendered":"Soy la voz de qui\u00e9nes confirmamos el fracaso sonoro, estruendoso e incontrovertible de la paz total"},"content":{"rendered":"<p><span style=\"font-family: tahoma, arial, helvetica, sans-serif; font-size: 14pt;\"><strong>Soy la voz de qui\u00e9nes confirmamos el fracaso sonoro, estruendoso e incontrovertible de la paz total<\/strong><\/span><\/p>\n<p><span style=\"font-family: tahoma, arial, helvetica, sans-serif; font-size: 14pt;\"><em><a class=\"css-4rbku5 css-18t94o4 css-901oao css-16my406 r-1cvl2hr r-1loqt21 r-poiln3 r-bcqeeo r-1ny4l3l r-1ddef8g r-tjvw6i r-qvutc0\" dir=\"ltr\" role=\"link\" href=\"https:\/\/twitter.com\/hashtag\/SoyLaVoz?src=hashtag_click\">#SoyLaVoz<\/a> \u00b7 La Luci\u00e9rnaga \u00b7 Caracol Radio \u00b7 25.08.2025<\/em><\/span><\/p>\n<!--[if lt IE 9]><script>document.createElement('audio');<\/script><![endif]-->\n<audio class=\"wp-audio-shortcode\" id=\"audio-4348-1\" preload=\"none\" style=\"width: 100%;\" controls=\"controls\"><source type=\"audio\/mpeg\" src=\"https:\/\/jairolibreros.com\/wp-content\/uploads\/2025\/08\/AUDIO-2025-08-25-18-52-02.mp3?_=1\" \/><a href=\"https:\/\/jairolibreros.com\/wp-content\/uploads\/2025\/08\/AUDIO-2025-08-25-18-52-02.mp3\">https:\/\/jairolibreros.com\/wp-content\/uploads\/2025\/08\/AUDIO-2025-08-25-18-52-02.mp3<\/a><\/audio>\n<p>&nbsp;<\/p>\n<p class=\"p1\"><span style=\"font-family: tahoma, arial, helvetica, sans-serif; font-size: 14pt;\">Hola, les habla <b>Jairo Libreros<\/b>, profesor de la Universidad Externado de Colombia, y soy la voz de qui\u00e9nes confirmamos el fracaso sonoro, estruendoso e incontrovertible de la paz total.<\/span><\/p>\n<p class=\"p1\"><span style=\"font-family: tahoma, arial, helvetica, sans-serif; font-size: 14pt;\">En 2022, un par de meses despu\u00e9s de la llegada del presidente Gustavo Petro a la Casa de Nari\u00f1o, las alarmas se activaron cuando el Gobierno del Cambio present\u00f3 la idea de la paz total como la iniciativa nunca antes concebida para lograr una salida negociada al conflicto colombiano.<\/span><\/p>\n<p class=\"p1\"><span style=\"font-family: tahoma, arial, helvetica, sans-serif; font-size: 14pt;\">La bancada del Pacto Hist\u00f3rico en el Congreso coreaba sin sonrojarse: vamos a conversar simult\u00e1neamente con todas las estructuras armadas sendos acuerdos de paz o de sometimiento a la justicia. Y recordaban la consigna del senador Petro del 2021: cuando sea presidente, a los tres meses se acaba el ELN, porque se firma la paz.<\/span><\/p>\n<p class=\"p1\"><span style=\"font-family: tahoma, arial, helvetica, sans-serif; font-size: 14pt;\">Vaya parto de los montes. A tres a\u00f1os de gobierno, el ELN ya no les pasa ni al tel\u00e9fono. El Clan del Golfo se multiplic\u00f3 en pie de fuerza. Las disidencias de las FARC controlan sin miramientos el resto del pa\u00eds. Y las mesas de la paz total urbana de Buenaventura, Quibd\u00f3 y Medell\u00edn s\u00f3lo funcionan como plataforma electoral para ensalzar precandidatos presidenciales progresistas.<\/span><\/p>\n<p class=\"p1\"><span style=\"font-family: tahoma, arial, helvetica, sans-serif; font-size: 14pt;\">En conclusi\u00f3n, fracasamos. S\u00ed, fracasamos en plural. El Gobierno del Cambio, porque nunca formul\u00f3 una metodolog\u00eda de negociaci\u00f3n, tampoco entendi\u00f3 qu\u00e9 es una estrategia de seguridad y desmantel\u00f3 las capacidades de la Fuerza P\u00fablica. Y nosotros, los colombianos, fracasamos, porque ponemos las l\u00e1grimas, las v\u00edctimas y los muertos.<\/span><\/p>\n<p style=\"text-align: right;\"><span style=\"text-decoration: underline; font-family: tahoma, arial, helvetica, sans-serif; font-size: 14pt;\"><a href=\"https:\/\/jairolibreros.com\/\"><strong>Blog de Jairo Libreros<\/strong><\/a><\/span><\/p>\n","protected":false},"excerpt":{"rendered":"<p>Soy la voz de qui\u00e9nes confirmamos el fracaso sonoro, estruendoso e incontrovertible de la paz total #SoyLaVoz \u00b7 La Luci\u00e9rnaga \u00b7 Caracol Radio <\/p>\n","protected":false},"author":1,"featured_media":428,"comment_status":"open","ping_status":"open","sticky":false,"template":"","format":"standard","meta":{"om_disable_all_campaigns":false,"_monsterinsights_skip_tracking":false,"_monsterinsights_sitenote_active":false,"_monsterinsights_sitenote_note":"","_monsterinsights_sitenote_category":0,"footnotes":""},"categories":[94,1],"tags":[54,90,53,39],"aioseo_notices":[],"class_list":["post-4348","post","type-post","status-publish","format-standard","has-post-thumbnail","hentry","category-caracol-radio","category-jairo-libreros","tag-comunicacion-politica","tag-seguridad-y-defensa-nacional","tag-politicas-publicas","tag-seguridad-ciudadana"],"_links":{"self":[{"href":"https:\/\/jairolibreros.com\/index.php?rest_route=\/wp\/v2\/posts\/4348"}],"collection":[{"href":"https:\/\/jairolibreros.com\/index.php?rest_route=\/wp\/v2\/posts"}],"about":[{"href":"https:\/\/jairolibreros.com\/index.php?rest_route=\/wp\/v2\/types\/post"}],"author":[{"embeddable":true,"href":"https:\/\/jairolibreros.com\/index.php?rest_route=\/wp\/v2\/users\/1"}],"replies":[{"embeddable":true,"href":"https:\/\/jairolibreros.com\/index.php?rest_route=%2Fwp%2Fv2%2Fcomments&post=4348"}],"version-history":[{"count":3,"href":"https:\/\/jairolibreros.com\/index.php?rest_route=\/wp\/v2\/posts\/4348\/revisions"}],"predecessor-version":[{"id":4545,"href":"https:\/\/jairolibreros.com\/index.php?rest_route=\/wp\/v2\/posts\/4348\/revisions\/4545"}],"wp:featuredmedia":[{"embeddable":true,"href":"https:\/\/jairolibreros.com\/index.php?rest_route=\/wp\/v2\/media\/428"}],"wp:attachment":[{"href":"https:\/\/jairolibreros.com\/index.php?rest_route=%2Fwp%2Fv2%2Fmedia&parent=4348"}],"wp:term":[{"taxonomy":"category","embeddable":true,"href":"https:\/\/jairolibreros.com\/index.php?rest_route=%2Fwp%2Fv2%2Fcategories&post=4348"},{"taxonomy":"post_tag","embeddable":true,"href":"https:\/\/jairolibreros.com\/index.php?rest_route=%2Fwp%2Fv2%2Ftags&post=4348"}],"curies":[{"name":"wp","href":"https:\/\/api.w.org\/{rel}","templated":true}]}}