{"id":4356,"date":"2025-08-27T11:10:02","date_gmt":"2025-08-27T11:10:02","guid":{"rendered":"https:\/\/jairolibreros.com\/?p=4356"},"modified":"2025-09-17T13:44:41","modified_gmt":"2025-09-17T13:44:41","slug":"la-desclasificacion-presidencial-de-los-archivos-de-inteligencia","status":"publish","type":"post","link":"https:\/\/jairolibreros.com\/?p=4356","title":{"rendered":"La desclasificaci\u00f3n presidencial de los archivos de inteligencia"},"content":{"rendered":"<p><span style=\"font-size: 14pt; font-family: tahoma, arial, helvetica, sans-serif;\"><strong>La desclasificaci\u00f3n presidencial de los archivos de inteligencia<\/strong><\/span><\/p>\n<p><span style=\"font-size: 14pt; font-family: tahoma, arial, helvetica, sans-serif;\"><em>Sistema Nacional de Depuraci\u00f3n de Datos y Archivos de Inteligencia y Contrainteligencia \u00b7 21.08.2025<\/em><\/span><\/p>\n<p><img fetchpriority=\"high\" decoding=\"async\" class=\"alignright size-medium wp-image-4357\" src=\"https:\/\/jairolibreros.com\/wp-content\/uploads\/2025\/08\/7910c88f-c258-45df-8caf-46af48d14d32-211x300.jpg\" alt=\"Jairo Libreros. Depuraci\u00f3n de archivos de inteligencia. 27.08.2025\" width=\"211\" height=\"300\" srcset=\"https:\/\/jairolibreros.com\/wp-content\/uploads\/2025\/08\/7910c88f-c258-45df-8caf-46af48d14d32-211x300.jpg 211w, https:\/\/jairolibreros.com\/wp-content\/uploads\/2025\/08\/7910c88f-c258-45df-8caf-46af48d14d32-721x1024.jpg 721w, https:\/\/jairolibreros.com\/wp-content\/uploads\/2025\/08\/7910c88f-c258-45df-8caf-46af48d14d32-768x1091.jpg 768w, https:\/\/jairolibreros.com\/wp-content\/uploads\/2025\/08\/7910c88f-c258-45df-8caf-46af48d14d32-1081x1536.jpg 1081w, https:\/\/jairolibreros.com\/wp-content\/uploads\/2025\/08\/7910c88f-c258-45df-8caf-46af48d14d32.jpg 1126w\" sizes=\"(max-width: 211px) 100vw, 211px\" \/><\/p>\n<p class=\"p1\" style=\"text-align: center;\"><span style=\"font-size: 14pt; font-family: tahoma, arial, helvetica, sans-serif;\"><strong>La desclasificaci\u00f3n presidencial de los archivos de inteligencia como un mecanismo de rendici\u00f3n de cuentas para fortalecer la funci\u00f3n de inteligencia y de contrainteligencia<\/strong><\/span><\/p>\n<p><strong><span style=\"font-size: 14pt; font-family: tahoma, arial, helvetica, sans-serif;\">1.<\/span><\/strong><span style=\"font-size: 14pt; font-family: tahoma, arial, helvetica, sans-serif;\"> Una experiencia <\/span><span style=\"font-size: 14pt; font-family: tahoma, arial, helvetica, sans-serif;\">con los servicios y los archivos de inteligencia<\/span><\/p>\n<ul>\n<li><span style=\"font-size: 14pt; font-family: tahoma, arial, helvetica, sans-serif;\">Itinerario del DAS<\/span><\/li>\n<li><span style=\"font-size: 14pt; font-family: tahoma, arial, helvetica, sans-serif;\">Instituto Internacional de Estudios Estrat\u00e9gicos<\/span><\/li>\n<\/ul>\n<p><strong><span style=\"font-size: 14pt; font-family: tahoma, arial, helvetica, sans-serif;\">2.<\/span><\/strong><span style=\"font-size: 14pt; font-family: tahoma, arial, helvetica, sans-serif;\"> Legitimidad de la inteligencia<\/span><\/p>\n<ul>\n<li><span style=\"font-size: 14pt; font-family: tahoma, arial, helvetica, sans-serif;\">Crisis -del pasado y la actual- de la inteligencia<\/span><\/li>\n<li><span style=\"font-size: 14pt; font-family: tahoma, arial, helvetica, sans-serif;\">Velo presidencial<\/span><\/li>\n<\/ul>\n<p><span style=\"font-size: 14pt; font-family: tahoma, arial, helvetica, sans-serif;\"><strong>3.<\/strong> Conclusi\u00f3n<\/span><\/p>\n<p style=\"text-align: right;\"><span style=\"text-decoration: underline; font-size: 14pt; font-family: tahoma, arial, helvetica, sans-serif;\"><a href=\"https:\/\/jairolibreros.com\/\"><strong>Blog de Jairo Libreros<\/strong><\/a><\/span><\/p>\n","protected":false},"excerpt":{"rendered":"<p>La desclasificaci\u00f3n presidencial de los archivos de inteligencia Sistema Nacional de Depuraci\u00f3n de Datos y Archivos de Inteligencia y Contrainteligencia \u00b7 21.08.2025 La <\/p>\n","protected":false},"author":1,"featured_media":2347,"comment_status":"open","ping_status":"open","sticky":false,"template":"","format":"standard","meta":{"om_disable_all_campaigns":false,"_monsterinsights_skip_tracking":false,"_monsterinsights_sitenote_active":false,"_monsterinsights_sitenote_note":"","_monsterinsights_sitenote_category":0,"footnotes":""},"categories":[1,96],"tags":[90,97,53,39],"aioseo_notices":[],"class_list":["post-4356","post","type-post","status-publish","format-standard","has-post-thumbnail","hentry","category-jairo-libreros","category-universidad-externado","tag-seguridad-y-defensa-nacional","tag-inteligencia-estrategica","tag-politicas-publicas","tag-seguridad-ciudadana"],"_links":{"self":[{"href":"https:\/\/jairolibreros.com\/index.php?rest_route=\/wp\/v2\/posts\/4356"}],"collection":[{"href":"https:\/\/jairolibreros.com\/index.php?rest_route=\/wp\/v2\/posts"}],"about":[{"href":"https:\/\/jairolibreros.com\/index.php?rest_route=\/wp\/v2\/types\/post"}],"author":[{"embeddable":true,"href":"https:\/\/jairolibreros.com\/index.php?rest_route=\/wp\/v2\/users\/1"}],"replies":[{"embeddable":true,"href":"https:\/\/jairolibreros.com\/index.php?rest_route=%2Fwp%2Fv2%2Fcomments&post=4356"}],"version-history":[{"count":9,"href":"https:\/\/jairolibreros.com\/index.php?rest_route=\/wp\/v2\/posts\/4356\/revisions"}],"predecessor-version":[{"id":4546,"href":"https:\/\/jairolibreros.com\/index.php?rest_route=\/wp\/v2\/posts\/4356\/revisions\/4546"}],"wp:featuredmedia":[{"embeddable":true,"href":"https:\/\/jairolibreros.com\/index.php?rest_route=\/wp\/v2\/media\/2347"}],"wp:attachment":[{"href":"https:\/\/jairolibreros.com\/index.php?rest_route=%2Fwp%2Fv2%2Fmedia&parent=4356"}],"wp:term":[{"taxonomy":"category","embeddable":true,"href":"https:\/\/jairolibreros.com\/index.php?rest_route=%2Fwp%2Fv2%2Fcategories&post=4356"},{"taxonomy":"post_tag","embeddable":true,"href":"https:\/\/jairolibreros.com\/index.php?rest_route=%2Fwp%2Fv2%2Ftags&post=4356"}],"curies":[{"name":"wp","href":"https:\/\/api.w.org\/{rel}","templated":true}]}}