{"id":4367,"date":"2025-08-28T11:56:28","date_gmt":"2025-08-28T11:56:28","guid":{"rendered":"https:\/\/jairolibreros.com\/?p=4367"},"modified":"2025-09-17T13:45:02","modified_gmt":"2025-09-17T13:45:02","slug":"los-sapos-que-se-han-tragado-la-izquierda-y-el-pacto-historico-durante-el-gobierno-del-presidente-gustavo-petro-que-hay-detras","status":"publish","type":"post","link":"https:\/\/jairolibreros.com\/?p=4367","title":{"rendered":"Los sapos que se han tragado la izquierda y el Pacto Hist\u00f3rico durante el gobierno del presidente Gustavo Petro: \u00bfqu\u00e9 hay detr\u00e1s?"},"content":{"rendered":"<p><span style=\"font-size: 14pt; font-family: tahoma, arial, helvetica, sans-serif;\"><strong>Los sapos que se han tragado la izquierda y el Pacto Hist\u00f3rico durante el gobierno del presidente Gustavo Petro: \u00bfqu\u00e9 hay detr\u00e1s?<\/strong><\/span><\/p>\n<p><span style=\"font-size: 14pt; font-family: tahoma, arial, helvetica, sans-serif;\"><em>El Tiempo \u00b7 Mateo Garc\u00eda \u00b7 28.08.2025<\/em><\/span><\/p>\n<p class=\"p1\" style=\"text-align: center;\"><span style=\"font-size: 14pt; font-family: tahoma, arial, helvetica, sans-serif;\"><strong>Esc\u00e1ndalos de corrupci\u00f3n y la presencia de personas cuestionadas en el Gobierno han golpeado a la izquierda<\/strong><\/span><\/p>\n<p class=\"p1\"><span style=\"font-size: 14pt; font-family: tahoma, arial, helvetica, sans-serif;\">\u00bfC\u00f3mo entender que el Pacto y la izquierda se han tragado sapos tan grandes como la corrupci\u00f3n?<\/span><\/p>\n<p class=\"p1\"><span style=\"font-size: 14pt; font-family: tahoma, arial, helvetica, sans-serif;\">&#8220;<em>Petro es el patriarca de la izquierda radical, y como tal, ejerce autoridad total sobre uno de cada tres votantes eventuales del ciclo electoral que culmina en 2026. Es una cifra nada despreciable, que ninguno de los candidatos presidenciales del Pacto Hist\u00f3rico est\u00e1 dispuesto a perderla, as\u00ed el precio a pagar sea el silencio ante cuestionamientos de corrupci\u00f3n. Y si a lo anterior le sumamos la expectativa de una chequera generosa del Gobierno Nacional aceitando las candidaturas progresistas, dif\u00edcilmente alguno de los candidatos se atrever\u00e1 a cuestionar las decisiones del jerarca que los conduce desde la Casa de Nari\u00f1o<\/em>&#8220;: <strong>Jairo Libreros<\/strong>.<\/span><\/p>\n<p><span style=\"font-size: 14pt; font-family: tahoma, arial, helvetica, sans-serif;\">El link del art\u00edculo de El Tiempo es el siguiente:<\/span><\/p>\n<p><span style=\"font-family: tahoma, arial, helvetica, sans-serif; font-size: 14pt;\"><span style=\"text-decoration: underline;\"><a href=\"https:\/\/www.eltiempo.com\/politica\/partidos-politicos\/los-sapos-que-se-ha-tragado-la-izquierda-y-el-pacto-historico-durante-el-gobierno-del-presidente-gustavo-petro-que-hay-detras-3485340\">https:\/\/www.eltiempo.com\/politica\/partidos-politicos\/los-sapos-que-se-ha-tragado-la-izquierda-y-el-pacto-historico-durante-el-gobierno-del-presidente-gustavo-petro-que-hay-detras-3485340<\/a><\/span>\u00a0<\/span><\/p>\n<p style=\"text-align: right;\"><span style=\"text-decoration: underline; font-size: 14pt; font-family: tahoma, arial, helvetica, sans-serif;\"><a href=\"https:\/\/jairolibreros.com\/\"><strong>Blog de Jairo Libreros<\/strong><\/a><\/span><\/p>\n","protected":false},"excerpt":{"rendered":"<p>Los sapos que se han tragado la izquierda y el Pacto Hist\u00f3rico durante el gobierno del presidente Gustavo Petro: \u00bfqu\u00e9 hay detr\u00e1s? El <\/p>\n","protected":false},"author":1,"featured_media":3288,"comment_status":"open","ping_status":"open","sticky":false,"template":"","format":"standard","meta":{"om_disable_all_campaigns":false,"_monsterinsights_skip_tracking":false,"_monsterinsights_sitenote_active":false,"_monsterinsights_sitenote_note":"","_monsterinsights_sitenote_category":0,"footnotes":""},"categories":[95,1],"tags":[44,54],"aioseo_notices":[],"class_list":["post-4367","post","type-post","status-publish","format-standard","has-post-thumbnail","hentry","category-el-tiempo","category-jairo-libreros","tag-elecciones","tag-comunicacion-politica"],"_links":{"self":[{"href":"https:\/\/jairolibreros.com\/index.php?rest_route=\/wp\/v2\/posts\/4367"}],"collection":[{"href":"https:\/\/jairolibreros.com\/index.php?rest_route=\/wp\/v2\/posts"}],"about":[{"href":"https:\/\/jairolibreros.com\/index.php?rest_route=\/wp\/v2\/types\/post"}],"author":[{"embeddable":true,"href":"https:\/\/jairolibreros.com\/index.php?rest_route=\/wp\/v2\/users\/1"}],"replies":[{"embeddable":true,"href":"https:\/\/jairolibreros.com\/index.php?rest_route=%2Fwp%2Fv2%2Fcomments&post=4367"}],"version-history":[{"count":2,"href":"https:\/\/jairolibreros.com\/index.php?rest_route=\/wp\/v2\/posts\/4367\/revisions"}],"predecessor-version":[{"id":4547,"href":"https:\/\/jairolibreros.com\/index.php?rest_route=\/wp\/v2\/posts\/4367\/revisions\/4547"}],"wp:featuredmedia":[{"embeddable":true,"href":"https:\/\/jairolibreros.com\/index.php?rest_route=\/wp\/v2\/media\/3288"}],"wp:attachment":[{"href":"https:\/\/jairolibreros.com\/index.php?rest_route=%2Fwp%2Fv2%2Fmedia&parent=4367"}],"wp:term":[{"taxonomy":"category","embeddable":true,"href":"https:\/\/jairolibreros.com\/index.php?rest_route=%2Fwp%2Fv2%2Fcategories&post=4367"},{"taxonomy":"post_tag","embeddable":true,"href":"https:\/\/jairolibreros.com\/index.php?rest_route=%2Fwp%2Fv2%2Ftags&post=4367"}],"curies":[{"name":"wp","href":"https:\/\/api.w.org\/{rel}","templated":true}]}}