{"id":4369,"date":"2025-08-28T22:41:57","date_gmt":"2025-08-28T22:41:57","guid":{"rendered":"https:\/\/jairolibreros.com\/?p=4369"},"modified":"2025-10-19T18:39:05","modified_gmt":"2025-10-19T18:39:05","slug":"petro-redobla-la-militarizacion-del-lado-colombiano-de-la-frontera-con-venezuela","status":"publish","type":"post","link":"https:\/\/jairolibreros.com\/?p=4369","title":{"rendered":"Petro redobla la militarizaci\u00f3n del lado colombiano de la frontera con Venezuela"},"content":{"rendered":"<p><span style=\"font-family: tahoma, arial, helvetica, sans-serif; font-size: 14pt;\"><strong>Petro redobla la militarizaci\u00f3n del lado colombiano de la frontera con Venezuela<\/strong> <\/span><\/p>\n<p><span style=\"font-family: tahoma, arial, helvetica, sans-serif; font-size: 14pt;\"><em>El Pa\u00eds Am\u00e9rica \u00b7 Santiago Torrado \u00b7 28.08.2025<\/em><\/span><\/p>\n<p class=\"p1\" style=\"text-align: center;\"><span style=\"font-family: tahoma, arial, helvetica, sans-serif; font-size: 14pt;\"><strong>El presidente de Colombia ordena ampliar el despliegue de 25.000 soldados que ya se encuentran en la convulsa regi\u00f3n del Catatumbo<\/strong><\/span><\/p>\n<p class=\"p1\"><span style=\"font-family: tahoma, arial, helvetica, sans-serif; font-size: 14pt;\">El anuncio de Petro es \u201cconfuso\u201d, apunta por su parte <b>Jairo Libreros, profesor de seguridad y defensa nacional de la Universidad Externado<\/b>, en Bogot\u00e1. \u201cNo solicit\u00f3 la militarizaci\u00f3n en un momento cr\u00edtico como lo fue en enero, cuando el ELN utiliz\u00f3 territorio venezolano para entrar como Pedro por su casa en el Catatumbo\u201d, argumenta en alusi\u00f3n a la feroz arremetida guerrillera, que provoc\u00f3 el\u00a0<a href=\"https:\/\/elpais.com\/america-colombia\/2025-01-23\/los-desplazados-del-catatumbo-huyen-aterrorizados-a-cucutase-van-a-meter-casa-por-casa.html\"><span class=\"s1\">desplazamiento<\/span><\/a>\u00a0de unas 60.000 personas, una emergencia humanitaria de enormes dimensiones. \u00bfPor qu\u00e9 ahora? Para mandarle al Palacio de Miraflores, la sede del Gobierno venezolano, el mensaje de que Bogot\u00e1 no tiene nada que ver con las maniobras de Estados Unidos, apunta <b>Libreros<\/b>.<\/span><\/p>\n<p><span style=\"font-family: tahoma, arial, helvetica, sans-serif; font-size: 14pt;\">El link del art\u00edculo de El Pa\u00eds Global es el siguiente:<\/span><\/p>\n<p><span style=\"font-family: tahoma, arial, helvetica, sans-serif; font-size: 14pt;\"><span style=\"text-decoration: underline;\"><a href=\"https:\/\/elpais.com\/america-colombia\/2025-08-28\/petro-redobla-la-militarizacion-del-lado-colombiano-de-la-frontera-con-venezuela.html\">https:\/\/elpais.com\/america-colombia\/2025-08-28\/petro-redobla-la-militarizacion-del-lado-colombiano-de-la-frontera-con-venezuela.html<\/a><\/span>\u00a0<\/span><\/p>\n<p style=\"text-align: right;\"><span style=\"text-decoration: underline; font-family: tahoma, arial, helvetica, sans-serif; font-size: 14pt;\"><a href=\"https:\/\/jairolibreros.com\/\"><strong>Blog de Jairo Libreros<\/strong><\/a><\/span><\/p>\n","protected":false},"excerpt":{"rendered":"<p>Petro redobla la militarizaci\u00f3n del lado colombiano de la frontera con Venezuela El Pa\u00eds Am\u00e9rica \u00b7 Santiago Torrado \u00b7 28.08.2025 El presidente de <\/p>\n","protected":false},"author":1,"featured_media":425,"comment_status":"open","ping_status":"open","sticky":false,"template":"","format":"standard","meta":{"om_disable_all_campaigns":false,"_monsterinsights_skip_tracking":false,"_monsterinsights_sitenote_active":false,"_monsterinsights_sitenote_note":"","_monsterinsights_sitenote_category":0,"footnotes":""},"categories":[1,96],"tags":[54,90,97],"aioseo_notices":[],"class_list":["post-4369","post","type-post","status-publish","format-standard","has-post-thumbnail","hentry","category-jairo-libreros","category-universidad-externado","tag-comunicacion-politica","tag-seguridad-y-defensa-nacional","tag-inteligencia-estrategica"],"_links":{"self":[{"href":"https:\/\/jairolibreros.com\/index.php?rest_route=\/wp\/v2\/posts\/4369"}],"collection":[{"href":"https:\/\/jairolibreros.com\/index.php?rest_route=\/wp\/v2\/posts"}],"about":[{"href":"https:\/\/jairolibreros.com\/index.php?rest_route=\/wp\/v2\/types\/post"}],"author":[{"embeddable":true,"href":"https:\/\/jairolibreros.com\/index.php?rest_route=\/wp\/v2\/users\/1"}],"replies":[{"embeddable":true,"href":"https:\/\/jairolibreros.com\/index.php?rest_route=%2Fwp%2Fv2%2Fcomments&post=4369"}],"version-history":[{"count":4,"href":"https:\/\/jairolibreros.com\/index.php?rest_route=\/wp\/v2\/posts\/4369\/revisions"}],"predecessor-version":[{"id":4548,"href":"https:\/\/jairolibreros.com\/index.php?rest_route=\/wp\/v2\/posts\/4369\/revisions\/4548"}],"wp:featuredmedia":[{"embeddable":true,"href":"https:\/\/jairolibreros.com\/index.php?rest_route=\/wp\/v2\/media\/425"}],"wp:attachment":[{"href":"https:\/\/jairolibreros.com\/index.php?rest_route=%2Fwp%2Fv2%2Fmedia&parent=4369"}],"wp:term":[{"taxonomy":"category","embeddable":true,"href":"https:\/\/jairolibreros.com\/index.php?rest_route=%2Fwp%2Fv2%2Fcategories&post=4369"},{"taxonomy":"post_tag","embeddable":true,"href":"https:\/\/jairolibreros.com\/index.php?rest_route=%2Fwp%2Fv2%2Ftags&post=4369"}],"curies":[{"name":"wp","href":"https:\/\/api.w.org\/{rel}","templated":true}]}}