{"id":4374,"date":"2025-09-04T21:07:04","date_gmt":"2025-09-04T21:07:04","guid":{"rendered":"https:\/\/jairolibreros.com\/?p=4374"},"modified":"2025-09-17T13:45:59","modified_gmt":"2025-09-17T13:45:59","slug":"ruptura-entre-gobierno-petro-y-congreso-que-pasara-con-reformas-tributaria-y-a-la-salud","status":"publish","type":"post","link":"https:\/\/jairolibreros.com\/?p=4374","title":{"rendered":"Ruptura entre Gobierno Petro y Congreso: \u00bfQu\u00e9 pasar\u00e1 con Reformas Tributaria y a la Salud?"},"content":{"rendered":"<p><span style=\"font-family: tahoma, arial, helvetica, sans-serif; font-size: 14pt;\"><strong>Ruptura entre Gobierno Petro y Congreso: \u00bfQu\u00e9 pasar\u00e1 con Reformas Tributaria y a la Salud?<\/strong><\/span><\/p>\n<p><span style=\"font-family: tahoma, arial, helvetica, sans-serif; font-size: 14pt;\"><em>Caracol Radio \u00b7 Mar\u00eda Paula Pineda \u00b7 04.09.2025<\/em><\/span><\/p>\n<p class=\"p1\" style=\"text-align: center;\"><span style=\"font-family: tahoma, arial, helvetica, sans-serif; font-size: 14pt;\"><strong>El Gobierno tambi\u00e9n est\u00e1 a la espera de la aporbaci\u00f3n del Presupuesto General de la Naci\u00f3n para 2026 y el proyecto de sometimiento a la justicia<\/strong><\/span><\/p>\n<!--[if lt IE 9]><script>document.createElement('audio');<\/script><![endif]-->\n<audio class=\"wp-audio-shortcode\" id=\"audio-4374-1\" preload=\"none\" style=\"width: 100%;\" controls=\"controls\"><source type=\"audio\/mpeg\" src=\"https:\/\/jairolibreros.com\/wp-content\/uploads\/2025\/09\/AUDIO-2025-09-04-10-41-06.m4a?_=1\" \/><a href=\"https:\/\/jairolibreros.com\/wp-content\/uploads\/2025\/09\/AUDIO-2025-09-04-10-41-06.m4a\">https:\/\/jairolibreros.com\/wp-content\/uploads\/2025\/09\/AUDIO-2025-09-04-10-41-06.m4a<\/a><\/audio>\n<p>&nbsp;<\/p>\n<p class=\"p1\"><span style=\"font-family: tahoma, arial, helvetica, sans-serif; font-size: 14pt;\">&#8220;<em>Pol\u00edticamente, le notificaron al Gobierno Nacional lo que ya sab\u00eda y no quer\u00eda aceptar: las bancadas pol\u00edticas que en el Congreso dec\u00edan acompa\u00f1arlo, no estaban dispuestas a darle luz verde a un candidato impuesto por el petrismo en la Corte Constitucional.<\/em><\/span><\/p>\n<p class=\"p1\"><em><span style=\"font-family: tahoma, arial, helvetica, sans-serif; font-size: 14pt;\">El costo pol\u00edtico que asimir\u00edan algunas colectividades en pleno proceso electoral era demasiado alto. Las convert\u00eda en ap\u00e9ndices sumisos del Pacto Hist\u00f3rico, y como tal, los del Verde, los de La U y los disidentes del Partido Liberal perd\u00edan el elemento diferenciador necesario para mantener a sus electores y atraer nuevos votantes indignados con los resultados del progresismo en la Casa de Nari\u00f1o.<\/span><\/em><\/p>\n<p class=\"p1\"><span style=\"font-family: tahoma, arial, helvetica, sans-serif; font-size: 14pt;\"><em>Rota la coalici\u00f3n pol\u00edtica con el petrismo, todos los proyectos de ley del Ejecutivo -por ejemplo, el de financiamiento, el de sometimiento a la justicia y el de la salud-, son inviables y naufragar\u00e1n en las comisiones constitucionales del Congreso para demostrarle a los electores que los partidos otrora clientelistas, ahora son alternativa real de poder<\/em>&#8220;: <strong>Jairo Libreros<\/strong>.<\/span><\/p>\n<p><span style=\"font-family: tahoma, arial, helvetica, sans-serif; font-size: 14pt;\">El link de Caracol Radio es el siguiente:<\/span><\/p>\n<p><span style=\"font-family: tahoma, arial, helvetica, sans-serif; font-size: 14pt;\"><span style=\"text-decoration: underline;\"><a href=\"https:\/\/caracol.com.co\/2025\/09\/04\/ruptura-entre-gobierno-petro-y-congreso-que-pasara-con-reformas-tributaria-y-a-la-salud\/\">https:\/\/caracol.com.co\/2025\/09\/04\/ruptura-entre-gobierno-petro-y-congreso-que-pasara-con-reformas-tributaria-y-a-la-salud\/<\/a><\/span>\u00a0<\/span><\/p>\n<p style=\"text-align: right;\"><span style=\"text-decoration: underline; font-family: tahoma, arial, helvetica, sans-serif; font-size: 14pt;\"><a href=\"https:\/\/jairolibreros.com\/\"><strong>Blog de Jairo Libreros<\/strong><\/a><\/span><\/p>\n","protected":false},"excerpt":{"rendered":"<p>Ruptura entre Gobierno Petro y Congreso: \u00bfQu\u00e9 pasar\u00e1 con Reformas Tributaria y a la Salud? Caracol Radio \u00b7 Mar\u00eda Paula Pineda \u00b7 04.09.2025 <\/p>\n","protected":false},"author":1,"featured_media":428,"comment_status":"open","ping_status":"open","sticky":false,"template":"","format":"standard","meta":{"om_disable_all_campaigns":false,"_monsterinsights_skip_tracking":false,"_monsterinsights_sitenote_active":false,"_monsterinsights_sitenote_note":"","_monsterinsights_sitenote_category":0,"footnotes":""},"categories":[94,1],"tags":[54],"aioseo_notices":[],"class_list":["post-4374","post","type-post","status-publish","format-standard","has-post-thumbnail","hentry","category-caracol-radio","category-jairo-libreros","tag-comunicacion-politica"],"_links":{"self":[{"href":"https:\/\/jairolibreros.com\/index.php?rest_route=\/wp\/v2\/posts\/4374"}],"collection":[{"href":"https:\/\/jairolibreros.com\/index.php?rest_route=\/wp\/v2\/posts"}],"about":[{"href":"https:\/\/jairolibreros.com\/index.php?rest_route=\/wp\/v2\/types\/post"}],"author":[{"embeddable":true,"href":"https:\/\/jairolibreros.com\/index.php?rest_route=\/wp\/v2\/users\/1"}],"replies":[{"embeddable":true,"href":"https:\/\/jairolibreros.com\/index.php?rest_route=%2Fwp%2Fv2%2Fcomments&post=4374"}],"version-history":[{"count":2,"href":"https:\/\/jairolibreros.com\/index.php?rest_route=\/wp\/v2\/posts\/4374\/revisions"}],"predecessor-version":[{"id":4549,"href":"https:\/\/jairolibreros.com\/index.php?rest_route=\/wp\/v2\/posts\/4374\/revisions\/4549"}],"wp:featuredmedia":[{"embeddable":true,"href":"https:\/\/jairolibreros.com\/index.php?rest_route=\/wp\/v2\/media\/428"}],"wp:attachment":[{"href":"https:\/\/jairolibreros.com\/index.php?rest_route=%2Fwp%2Fv2%2Fmedia&parent=4374"}],"wp:term":[{"taxonomy":"category","embeddable":true,"href":"https:\/\/jairolibreros.com\/index.php?rest_route=%2Fwp%2Fv2%2Fcategories&post=4374"},{"taxonomy":"post_tag","embeddable":true,"href":"https:\/\/jairolibreros.com\/index.php?rest_route=%2Fwp%2Fv2%2Ftags&post=4374"}],"curies":[{"name":"wp","href":"https:\/\/api.w.org\/{rel}","templated":true}]}}