{"id":4377,"date":"2025-09-04T21:41:02","date_gmt":"2025-09-04T21:41:02","guid":{"rendered":"https:\/\/jairolibreros.com\/?p=4377"},"modified":"2025-09-17T13:46:46","modified_gmt":"2025-09-17T13:46:46","slug":"eleccion-de-carlos-camargo-como-magistrado-de-la-corte-constitucional-significa-la-ruptura-total-entre-el-gobierno-de-gustavo-petro-y-el-senado","status":"publish","type":"post","link":"https:\/\/jairolibreros.com\/?p=4377","title":{"rendered":"\u00bfElecci\u00f3n de Carlos Camargo como magistrado de la Corte Constitucional significa la ruptura total entre el gobierno de Gustavo Petro y el Senado?"},"content":{"rendered":"<p style=\"text-align: left;\"><span style=\"font-family: tahoma, arial, helvetica, sans-serif; font-size: 14pt;\"><strong>\u00bfElecci\u00f3n de Carlos Camargo como magistrado de la Corte Constitucional significa la ruptura total entre el gobierno de Gustavo Petro y el Senado?<\/strong><\/span><\/p>\n<p class=\"p1\" style=\"text-align: center;\"><span style=\"font-family: tahoma, arial, helvetica, sans-serif; font-size: 14pt;\"><strong>El jefe de Estado asegur\u00f3 que habr\u00e1 una recomposici\u00f3n de las relaciones con esa corporaci\u00f3n donde deben pasar sus proyectos claves<\/strong><\/span><\/p>\n<p><span style=\"font-family: tahoma, arial, helvetica, sans-serif; font-size: 14pt;\"><em>El Tiempo \u00b7 Mateo Garc\u00eda \u00b7 04.09.2025<\/em><\/span><\/p>\n<p class=\"p1\"><span style=\"font-family: tahoma, arial, helvetica, sans-serif; font-size: 14pt;\">&#8220;<em>La ruptura es irreversible. La elecci\u00f3n en el Senado del hoy magistrado Carlos Camargo en la Corte Constitucional rompe el puente entre la Casa de Nari\u00f1o y las bancadas clientelistas que apoyaban las iniciativas petristas en el Congreso.<span class=\"Apple-converted-space\">\u00a0<\/span><\/em><\/span><\/p>\n<p class=\"p1\"><span style=\"font-family: tahoma, arial, helvetica, sans-serif; font-size: 14pt;\"><em>La coalici\u00f3n de gobierno ya no se puede mantener con cargos, contratos ni proyectos de inversi\u00f3n en los territorios.<span class=\"Apple-converted-space\">\u00a0<\/span><\/em><\/span><\/p>\n<p class=\"p1\"><span style=\"font-family: tahoma, arial, helvetica, sans-serif; font-size: 14pt;\"><em>Despu\u00e9s de la derrota del petrismo en el Congreso lo que est\u00e1 en juego es la viabilidad electoral de colectividades como la Verde, La U y de los disidentes Liberales. Tienen que deslindarse de la estela de fracaso del Gobierno del Cambio, y la \u00fanica forma de hacerlo consiste en desatar el nudo de prebendas que los une con la Casa de Nari\u00f1o, y votar negativamente otras iniciativas del Ejecutivo, tales como los proyectos de financiamiento, de sometimiento a la justicia y el de la salud.<\/em><\/span><\/p>\n<p class=\"p1\"><span style=\"font-family: tahoma, arial, helvetica, sans-serif; font-size: 14pt;\"><em>Sin esta ruptura, es imposible que los partidos pol\u00edticos ajenos al Pacto Hist\u00f3rico marquen la diferencia con el progresismo, y sin esa diferencia, dif\u00edcilmente pueden mantener afiliados y disciplinados a sus electores, y menos a\u00fan, atraer a nuevos votantes en los comicios parlamentarios de marzo del 2026<\/em>&#8220;: <strong>Jairo Libreros<\/strong>.<\/span><\/p>\n<p><span style=\"font-family: tahoma, arial, helvetica, sans-serif; font-size: 14pt;\">El link de El Tiempo es el siguiente:<\/span><\/p>\n<p><span style=\"font-family: tahoma, arial, helvetica, sans-serif; font-size: 14pt;\"><span style=\"text-decoration: underline;\"><a href=\"https:\/\/www.eltiempo.com\/politica\/congreso\/eleccion-de-carlos-camargo-como-magistrado-de-la-corte-constitucional-significa-la-ruptura-total-entre-el-gobierno-de-gustavo-petro-y-el-senado-3487873\">https:\/\/www.eltiempo.com\/politica\/congreso\/eleccion-de-carlos-camargo-como-magistrado-de-la-corte-constitucional-significa-la-ruptura-total-entre-el-gobierno-de-gustavo-petro-y-el-senado-3487873<\/a><\/span>\u00a0<\/span><\/p>\n<p style=\"text-align: right;\"><span style=\"text-decoration: underline; font-family: tahoma, arial, helvetica, sans-serif; font-size: 14pt;\"><a href=\"https:\/\/jairolibreros.com\/\"><strong>Blog de Jairo Libreros<\/strong><\/a><\/span><\/p>\n","protected":false},"excerpt":{"rendered":"<p>\u00bfElecci\u00f3n de Carlos Camargo como magistrado de la Corte Constitucional significa la ruptura total entre el gobierno de Gustavo Petro y el Senado? <\/p>\n","protected":false},"author":1,"featured_media":3289,"comment_status":"open","ping_status":"open","sticky":false,"template":"","format":"standard","meta":{"om_disable_all_campaigns":false,"_monsterinsights_skip_tracking":false,"_monsterinsights_sitenote_active":false,"_monsterinsights_sitenote_note":"","_monsterinsights_sitenote_category":0,"footnotes":""},"categories":[95,1],"tags":[54],"aioseo_notices":[],"class_list":["post-4377","post","type-post","status-publish","format-standard","has-post-thumbnail","hentry","category-el-tiempo","category-jairo-libreros","tag-comunicacion-politica"],"_links":{"self":[{"href":"https:\/\/jairolibreros.com\/index.php?rest_route=\/wp\/v2\/posts\/4377"}],"collection":[{"href":"https:\/\/jairolibreros.com\/index.php?rest_route=\/wp\/v2\/posts"}],"about":[{"href":"https:\/\/jairolibreros.com\/index.php?rest_route=\/wp\/v2\/types\/post"}],"author":[{"embeddable":true,"href":"https:\/\/jairolibreros.com\/index.php?rest_route=\/wp\/v2\/users\/1"}],"replies":[{"embeddable":true,"href":"https:\/\/jairolibreros.com\/index.php?rest_route=%2Fwp%2Fv2%2Fcomments&post=4377"}],"version-history":[{"count":4,"href":"https:\/\/jairolibreros.com\/index.php?rest_route=\/wp\/v2\/posts\/4377\/revisions"}],"predecessor-version":[{"id":4550,"href":"https:\/\/jairolibreros.com\/index.php?rest_route=\/wp\/v2\/posts\/4377\/revisions\/4550"}],"wp:featuredmedia":[{"embeddable":true,"href":"https:\/\/jairolibreros.com\/index.php?rest_route=\/wp\/v2\/media\/3289"}],"wp:attachment":[{"href":"https:\/\/jairolibreros.com\/index.php?rest_route=%2Fwp%2Fv2%2Fmedia&parent=4377"}],"wp:term":[{"taxonomy":"category","embeddable":true,"href":"https:\/\/jairolibreros.com\/index.php?rest_route=%2Fwp%2Fv2%2Fcategories&post=4377"},{"taxonomy":"post_tag","embeddable":true,"href":"https:\/\/jairolibreros.com\/index.php?rest_route=%2Fwp%2Fv2%2Ftags&post=4377"}],"curies":[{"name":"wp","href":"https:\/\/api.w.org\/{rel}","templated":true}]}}