{"id":4434,"date":"2025-09-08T23:17:05","date_gmt":"2025-09-08T23:17:05","guid":{"rendered":"https:\/\/jairolibreros.com\/?p=4434"},"modified":"2025-09-17T13:47:58","modified_gmt":"2025-09-17T13:47:58","slug":"soy-la-voz-de-quienes-nos-indignamos-con-la-relacion-entre-los-levantamientos-sociales-que-padecen-los-militares-y-una-debilidad-de-las-estructuras-criminales","status":"publish","type":"post","link":"https:\/\/jairolibreros.com\/?p=4434","title":{"rendered":"Soy la voz de quienes nos indignamos con la relaci\u00f3n entre los levantamientos sociales que padecen los militares y una debilidad de las estructuras criminales"},"content":{"rendered":"<p><span style=\"font-size: 14pt; font-family: tahoma, arial, helvetica, sans-serif;\"><strong>Soy la voz de quienes nos indignamos con la relaci\u00f3n entre los levantamientos sociales que padecen los militares y una debilidad de las estructuras criminales<\/strong><\/span><\/p>\n<p><span style=\"font-size: 14pt; font-family: tahoma, arial, helvetica, sans-serif;\"><em><a class=\"css-4rbku5 css-18t94o4 css-901oao css-16my406 r-1cvl2hr r-1loqt21 r-poiln3 r-bcqeeo r-1ny4l3l r-1ddef8g r-tjvw6i r-qvutc0\" dir=\"ltr\" role=\"link\" href=\"https:\/\/twitter.com\/hashtag\/SoyLaVoz?src=hashtag_click\">#SoyLaVoz<\/a> \u00b7 La Luci\u00e9rnaga \u00b7 Caracol Radio \u00b7 08.09.2025<\/em><\/span><\/p>\n<p class=\"p1\"><span style=\"font-size: 14pt; font-family: tahoma, arial, helvetica, sans-serif;\">Hola, soy <b>Jairo Libreros<\/b>, profesor de la Universidad Externado de Colombia, y soy la voz de quienes nos indignamos con la relaci\u00f3n entre los levantamientos sociales que padecen los militares y una debilidad de las estructuras criminales.<\/span><\/p>\n<p class=\"p1\"><span style=\"font-size: 14pt; font-family: tahoma, arial, helvetica, sans-serif;\">Las asonadas, secuestros y dem\u00e1s vej\u00e1menes en contra del Ej\u00e9rcito Nacional son inaceptables. Ponen en riesgo la vida e integridad de las comunidades instrumentalizadas, humillan a nuestros soldados y vulneran la seguridad y defensa nacional.<\/span><\/p>\n<p class=\"p1\"><span style=\"font-size: 14pt; font-family: tahoma, arial, helvetica, sans-serif;\">Pero general S\u00e1nchez, Usted no puede explicar el estado de indefensi\u00f3n de nuestras tropas, emboscadas constantemente por cuenta de ciudadanos coaccionados y desarmados, como una prueba de la debilidad de las disidencias de las FARC.<\/span><\/p>\n<p class=\"p1\"><span style=\"font-size: 14pt; font-family: tahoma, arial, helvetica, sans-serif;\">Ministro S\u00e1nchez, ese cuento suyo es contraevidente. Digamos las cosas como son. Las operaciones militares de profundidad, de proximidad y de retaguardia carecen de la inteligencia m\u00ednima necesaria para garantizar su integridad.<\/span><\/p>\n<p class=\"p1\"><span style=\"font-size: 14pt; font-family: tahoma, arial, helvetica, sans-serif;\">En conclusi\u00f3n, militarmente navegamos sin datos. No tenemos capacidad de anticipaci\u00f3n. Pero del \u201c<i>ahogado el sombrero<\/i>\u201d: menos mal esas estructuras criminales son d\u00e9biles&#8230;, que tal si fueran fuertes\u2026 Apague y v\u00e1monos.<\/span><\/p>\n<p><iframe hcb-fetch-image-from=\"https:\/\/www.youtube.com\/watch?v=M8kzByGFcKE\" title=\"Soy la voz de quienes nos indignamos con los levantamientos sociales que padecen los militares\" width=\"640\" height=\"360\" src=\"https:\/\/www.youtube.com\/embed\/M8kzByGFcKE?feature=oembed\" frameborder=\"0\" allow=\"accelerometer; autoplay; clipboard-write; encrypted-media; gyroscope; picture-in-picture; web-share\" referrerpolicy=\"strict-origin-when-cross-origin\" allowfullscreen><\/iframe><\/p>\n<p style=\"text-align: right;\"><span style=\"text-decoration: underline; font-size: 14pt; font-family: tahoma, arial, helvetica, sans-serif;\"><a href=\"https:\/\/jairolibreros.com\/\"><strong>Blog de Jairo Libreros<\/strong><\/a><\/span><\/p>\n","protected":false},"excerpt":{"rendered":"<p>Soy la voz de quienes nos indignamos con la relaci\u00f3n entre los levantamientos sociales que padecen los militares y una debilidad de las <\/p>\n","protected":false},"author":1,"featured_media":4460,"comment_status":"open","ping_status":"open","sticky":false,"template":"","format":"standard","meta":{"om_disable_all_campaigns":false,"_monsterinsights_skip_tracking":false,"_monsterinsights_sitenote_active":false,"_monsterinsights_sitenote_note":"","_monsterinsights_sitenote_category":0,"footnotes":""},"categories":[94,1],"tags":[54,90,97],"aioseo_notices":[],"class_list":["post-4434","post","type-post","status-publish","format-standard","has-post-thumbnail","hentry","category-caracol-radio","category-jairo-libreros","tag-comunicacion-politica","tag-seguridad-y-defensa-nacional","tag-inteligencia-estrategica"],"_links":{"self":[{"href":"https:\/\/jairolibreros.com\/index.php?rest_route=\/wp\/v2\/posts\/4434"}],"collection":[{"href":"https:\/\/jairolibreros.com\/index.php?rest_route=\/wp\/v2\/posts"}],"about":[{"href":"https:\/\/jairolibreros.com\/index.php?rest_route=\/wp\/v2\/types\/post"}],"author":[{"embeddable":true,"href":"https:\/\/jairolibreros.com\/index.php?rest_route=\/wp\/v2\/users\/1"}],"replies":[{"embeddable":true,"href":"https:\/\/jairolibreros.com\/index.php?rest_route=%2Fwp%2Fv2%2Fcomments&post=4434"}],"version-history":[{"count":9,"href":"https:\/\/jairolibreros.com\/index.php?rest_route=\/wp\/v2\/posts\/4434\/revisions"}],"predecessor-version":[{"id":4551,"href":"https:\/\/jairolibreros.com\/index.php?rest_route=\/wp\/v2\/posts\/4434\/revisions\/4551"}],"wp:featuredmedia":[{"embeddable":true,"href":"https:\/\/jairolibreros.com\/index.php?rest_route=\/wp\/v2\/media\/4460"}],"wp:attachment":[{"href":"https:\/\/jairolibreros.com\/index.php?rest_route=%2Fwp%2Fv2%2Fmedia&parent=4434"}],"wp:term":[{"taxonomy":"category","embeddable":true,"href":"https:\/\/jairolibreros.com\/index.php?rest_route=%2Fwp%2Fv2%2Fcategories&post=4434"},{"taxonomy":"post_tag","embeddable":true,"href":"https:\/\/jairolibreros.com\/index.php?rest_route=%2Fwp%2Fv2%2Ftags&post=4434"}],"curies":[{"name":"wp","href":"https:\/\/api.w.org\/{rel}","templated":true}]}}