{"id":4439,"date":"2025-09-08T23:38:34","date_gmt":"2025-09-08T23:38:34","guid":{"rendered":"https:\/\/jairolibreros.com\/?p=4439"},"modified":"2025-09-17T13:48:27","modified_gmt":"2025-09-17T13:48:27","slug":"presidente-petro-anuncia-regreso-de-fumigacion-aerea-tras-secuestro-de-militares","status":"publish","type":"post","link":"https:\/\/jairolibreros.com\/?p=4439","title":{"rendered":"Presidente Petro anuncia regreso de fumigaci\u00f3n a\u00e9rea tras secuestro de militares"},"content":{"rendered":"<p><span style=\"font-size: 14pt; font-family: tahoma, arial, helvetica, sans-serif;\"><strong>Presidente Petro anuncia regreso de fumigaci\u00f3n a\u00e9rea tras secuestro de militares<\/strong><\/span><\/p>\n<p><span style=\"font-size: 14pt; font-family: tahoma, arial, helvetica, sans-serif;\"><em>El Tiempo \u00b7 John Torres y Sara Quevedo \u00b7 08.09.2025<\/em><\/span><\/p>\n<p style=\"text-align: center;\"><span style=\"font-size: 14pt; font-family: tahoma, arial, helvetica, sans-serif;\"><strong>El presidente Gustavo Petro anunci\u00f3, en medio de un nuevo secuestro de militares en el Cauca, que en donde la ciudadan\u00eda ataque al Ej\u00e9rcito habr\u00e1 fumigaci\u00f3n a\u00e9rea<\/strong><\/span><\/p>\n<figure id=\"attachment_4444\" aria-describedby=\"caption-attachment-4444\" style=\"width: 300px\" class=\"wp-caption alignright\"><img fetchpriority=\"high\" decoding=\"async\" class=\"size-medium wp-image-4444\" src=\"https:\/\/jairolibreros.com\/wp-content\/uploads\/2025\/09\/IMG_2175-300x170.jpg\" alt=\"\" width=\"300\" height=\"170\" srcset=\"https:\/\/jairolibreros.com\/wp-content\/uploads\/2025\/09\/IMG_2175-300x170.jpg 300w, https:\/\/jairolibreros.com\/wp-content\/uploads\/2025\/09\/IMG_2175-768x434.jpg 768w, https:\/\/jairolibreros.com\/wp-content\/uploads\/2025\/09\/IMG_2175.jpg 828w\" sizes=\"(max-width: 300px) 100vw, 300px\" \/><figcaption id=\"caption-attachment-4444\" class=\"wp-caption-text\"><span style=\"font-family: tahoma, arial, helvetica, sans-serif; font-size: 14pt;\">Jairo Libreros. Glifosato. El Tiempo. 08.09.2025<\/span><\/figcaption><\/figure>\n<p class=\"p1\"><span style=\"font-family: tahoma, arial, helvetica, sans-serif; font-size: 14pt;\">El anuncio del regreso de la aspersi\u00f3n a\u00e9rea con Glifosato es un mensaje del presidente Gustavo Petro a La Casa Blanca. Pero como se dice coloquialmente est\u00e1 <i>ca\u00f1ando<\/i>.<\/span><\/p>\n<p class=\"p1\"><span style=\"font-family: tahoma, arial, helvetica, sans-serif; font-size: 14pt;\">El tema de fondo es una eventual descertificaci\u00f3n de los EEUU a Colombia, por cuenta de los resultados precarios en materia de lucha contra las drogas il\u00edcitas.<\/span><\/p>\n<p class=\"p1\"><span style=\"font-family: tahoma, arial, helvetica, sans-serif; font-size: 14pt;\">Seguramente, la Casa Blanca anuncie una certificaci\u00f3n condicionada, y con base en ello, la Casa de Nari\u00f1o realiza los tr\u00e1mites necesarios para la aspersi\u00f3n a\u00e9rea con Glifosato.<\/span><\/p>\n<p class=\"p1\"><span style=\"font-family: tahoma, arial, helvetica, sans-serif; font-size: 14pt;\">El viraje de la lucha contra las drogas il\u00edcitas en lo que resta del gobierno Petro se puede formular en un cambio de liderazgo en la toma de decisiones de seguridad y defensa nacional, el fortalecimiento de la fuerza p\u00fablica para retomar las actividades de control territorial y la modernizaci\u00f3n del Estado para adquirir nuevas tecnolog\u00edas, como sistemas de drones, sistemas de antidrones y sistemas de ciberseguridad.<\/span><\/p>\n<p class=\"p1\"><span style=\"font-family: tahoma, arial, helvetica, sans-serif; font-size: 14pt;\">Pero ese viraje toma tiempo, oxigeno pol\u00edtico y trabajo coordinado. Y estos tres elementos no los tiene hoy d\u00eda la Casa de Nari\u00f1o y no los obtendr\u00e1 en lo que resta de su mandato.<\/span><\/p>\n<p><iframe hcb-fetch-image-from=\"https:\/\/www.youtube.com\/watch?v=AarRNJonKUc\" title=\"#EnVIVO:Presidente Petro anuncia regreso de fumigaci\u00f3n a\u00e9rea tras secuestro de militares | El Tiempo\" width=\"640\" height=\"360\" src=\"https:\/\/www.youtube.com\/embed\/AarRNJonKUc?feature=oembed\" frameborder=\"0\" allow=\"accelerometer; autoplay; clipboard-write; encrypted-media; gyroscope; picture-in-picture; web-share\" referrerpolicy=\"strict-origin-when-cross-origin\" allowfullscreen><\/iframe><\/p>\n<p style=\"text-align: right;\"><span style=\"text-decoration: underline; font-size: 14pt; font-family: tahoma, arial, helvetica, sans-serif;\"><a href=\"https:\/\/jairolibreros.com\/\"><strong>Blog de Jairo Libreros<\/strong><\/a><\/span><\/p>\n","protected":false},"excerpt":{"rendered":"<p>Presidente Petro anuncia regreso de fumigaci\u00f3n a\u00e9rea tras secuestro de militares El Tiempo \u00b7 John Torres y Sara Quevedo \u00b7 08.09.2025 El presidente <\/p>\n","protected":false},"author":1,"featured_media":4446,"comment_status":"open","ping_status":"open","sticky":false,"template":"","format":"standard","meta":{"om_disable_all_campaigns":false,"_monsterinsights_skip_tracking":false,"_monsterinsights_sitenote_active":false,"_monsterinsights_sitenote_note":"","_monsterinsights_sitenote_category":0,"footnotes":""},"categories":[95,1],"tags":[54,90],"aioseo_notices":[],"class_list":["post-4439","post","type-post","status-publish","format-standard","has-post-thumbnail","hentry","category-el-tiempo","category-jairo-libreros","tag-comunicacion-politica","tag-seguridad-y-defensa-nacional"],"_links":{"self":[{"href":"https:\/\/jairolibreros.com\/index.php?rest_route=\/wp\/v2\/posts\/4439"}],"collection":[{"href":"https:\/\/jairolibreros.com\/index.php?rest_route=\/wp\/v2\/posts"}],"about":[{"href":"https:\/\/jairolibreros.com\/index.php?rest_route=\/wp\/v2\/types\/post"}],"author":[{"embeddable":true,"href":"https:\/\/jairolibreros.com\/index.php?rest_route=\/wp\/v2\/users\/1"}],"replies":[{"embeddable":true,"href":"https:\/\/jairolibreros.com\/index.php?rest_route=%2Fwp%2Fv2%2Fcomments&post=4439"}],"version-history":[{"count":7,"href":"https:\/\/jairolibreros.com\/index.php?rest_route=\/wp\/v2\/posts\/4439\/revisions"}],"predecessor-version":[{"id":4552,"href":"https:\/\/jairolibreros.com\/index.php?rest_route=\/wp\/v2\/posts\/4439\/revisions\/4552"}],"wp:featuredmedia":[{"embeddable":true,"href":"https:\/\/jairolibreros.com\/index.php?rest_route=\/wp\/v2\/media\/4446"}],"wp:attachment":[{"href":"https:\/\/jairolibreros.com\/index.php?rest_route=%2Fwp%2Fv2%2Fmedia&parent=4439"}],"wp:term":[{"taxonomy":"category","embeddable":true,"href":"https:\/\/jairolibreros.com\/index.php?rest_route=%2Fwp%2Fv2%2Fcategories&post=4439"},{"taxonomy":"post_tag","embeddable":true,"href":"https:\/\/jairolibreros.com\/index.php?rest_route=%2Fwp%2Fv2%2Ftags&post=4439"}],"curies":[{"name":"wp","href":"https:\/\/api.w.org\/{rel}","templated":true}]}}