{"id":4463,"date":"2025-09-09T12:21:14","date_gmt":"2025-09-09T12:21:14","guid":{"rendered":"https:\/\/jairolibreros.com\/?p=4463"},"modified":"2025-09-17T13:49:48","modified_gmt":"2025-09-17T13:49:48","slug":"descertificacion-entre-el-secuestro-de-militares-la-fumigacion-y-el-lobby-en-washington","status":"publish","type":"post","link":"https:\/\/jairolibreros.com\/?p=4463","title":{"rendered":"Descertificaci\u00f3n: entre el secuestro de militares, la fumigaci\u00f3n y el lobby en Washington"},"content":{"rendered":"<p><span style=\"font-family: tahoma, arial, helvetica, sans-serif; font-size: 14pt;\"><strong>Descertificaci\u00f3n: entre el secuestro de militares, la fumigaci\u00f3n y el lobby en Washington<\/strong><\/span><\/p>\n<p><span style=\"font-family: tahoma, arial, helvetica, sans-serif; font-size: 14pt;\"><em><span class=\"s1\">Hora20 \u2022 Caracol Radio \u2022 Nicol\u00e1s Llano \u2022 09.09.2025<\/span><\/em><\/span><\/p>\n<figure id=\"attachment_4469\" aria-describedby=\"caption-attachment-4469\" style=\"width: 300px\" class=\"wp-caption alignright\"><img fetchpriority=\"high\" decoding=\"async\" class=\"size-medium wp-image-4469\" src=\"https:\/\/jairolibreros.com\/wp-content\/uploads\/2025\/09\/IMG_2226-300x300.jpeg\" alt=\"\" width=\"300\" height=\"300\" srcset=\"https:\/\/jairolibreros.com\/wp-content\/uploads\/2025\/09\/IMG_2226-300x300.jpeg 300w, https:\/\/jairolibreros.com\/wp-content\/uploads\/2025\/09\/IMG_2226-150x150.jpeg 150w, https:\/\/jairolibreros.com\/wp-content\/uploads\/2025\/09\/IMG_2226-768x768.jpeg 768w, https:\/\/jairolibreros.com\/wp-content\/uploads\/2025\/09\/IMG_2226-450x450.jpeg 450w, https:\/\/jairolibreros.com\/wp-content\/uploads\/2025\/09\/IMG_2226-600x600.jpeg 600w, https:\/\/jairolibreros.com\/wp-content\/uploads\/2025\/09\/IMG_2226-560x560.jpeg 560w, https:\/\/jairolibreros.com\/wp-content\/uploads\/2025\/09\/IMG_2226.jpeg 1000w\" sizes=\"(max-width: 300px) 100vw, 300px\" \/><figcaption id=\"caption-attachment-4469\" class=\"wp-caption-text\">Jairo Libreros. Hora20. Caracol Radio<\/figcaption><\/figure>\n<p class=\"p1\" style=\"text-align: center;\"><span style=\"font-family: tahoma, arial, helvetica, sans-serif; font-size: 14pt;\"><strong>Panelistas analizaron el escenario d\u00edas antes de la decisi\u00f3n que debe tomar el gobierno de Estados Unidos en materia de lucha contra las drogas en Colombia<\/strong><\/span><\/p>\n<p class=\"p1\"><span style=\"font-family: tahoma, arial, helvetica, sans-serif; font-size: 14pt;\">En Hora20 el an\u00e1lisis a varios hechos bajo la sombrilla de la certificaci\u00f3n o no en la lucha contra las drogas que otorga cada a\u00f1o el gobierno de Estados Unidos a Colombia y que ser\u00e1 dada a conocer en los pr\u00f3ximos d\u00edas. El debate sobre c\u00f3mo influyen hechos como el secuestro de militares, el rol de los armados y la utilizaci\u00f3n de las comunidades, as\u00ed como un complejo panorama de orden p\u00fablico en varias regiones. Tambi\u00e9n una mirada a la pol\u00e9mica por cuenta de la presencia de alcaldes de algunas ciudades del pa\u00eds en Estados Unidos,<b>\u00a0una supuesta intermediaci\u00f3n para evitar la desertificaci\u00f3n<\/b>\u00a0y unos mensajes amenazantes por parte del presidente de la rep\u00fablica.<\/span><\/p>\n<p class=\"p3\"><span style=\"font-family: tahoma, arial, helvetica, sans-serif; font-size: 14pt;\"><b>Lo que dicen los panelistas<\/b><\/span><\/p>\n<p class=\"p1\"><span style=\"font-family: tahoma, arial, helvetica, sans-serif; font-size: 14pt;\">Jairo Libreros, abogado, experto en asuntos de seguridad y profesor universitario, plante\u00f3 que el secuestro de militares tambi\u00e9n evidencia dos crisis. La primera,\u00a0<b>ser\u00eda de inteligencia ante la falta de capacidades para evitar que ocurran este tipo de hechos.<\/b>\u00a0La segunda, ser\u00eda de legitimidad y la afectaci\u00f3n que esta tiene sobre las operaciones que realiza la Fuerza P\u00fablica, \u201cprofundidad, proximidad y retaguardia, son tres modos operacionales, este a\u00f1o las tres operaciones m\u00e1s importantes est\u00e1n comprometidas, no llegan a campamento porque hay secuestros, tiene problema en proteger campamentos porque afectaciones se dan en lugares donde la tropa est\u00e1 acantonada y se demoran en reaccionar y proteger estaciones; si no cambiamos el tipo de operaci\u00f3n y un mecanismo que permita combinar, esto se va a repetir por uno o dos a\u00f1os\u201d.<\/span><\/p>\n<p class=\"p1\"><span style=\"font-family: tahoma, arial, helvetica, sans-serif; font-size: 14pt;\">En cuanto a la descertificaci\u00f3n, dijo que ese escenario ser\u00eda de suma cero,\u00a0<b>\u201cColombia lo padeci\u00f3 en la revisi\u00f3n de asistencia t\u00e9cnica de USAID,<\/b> donde se tocaron temas con el Departamento de Justicia, que es donde est\u00e1 la suma m\u00e1s importante de dinero; ah\u00ed se suspendieron licencias para pagar informantes o intervenir comunicaciones, pero fue tan cr\u00edtica la situaci\u00f3n, que revirtieron la decisi\u00f3n porque quedaron ciegos, se afectaron operaciones y procesos controlados; ese es el peor escenario, por eso no lo hacen\u201d. Afirm\u00f3 que seguramente viene una certificaci\u00f3n condicionada: \u201c<b>de cada $100 pesos en asistencia t\u00e9cnica y financiera, $60 pesos son de EE. UU. $40 entran a Polic\u00eda y $20 a Fuerzas Militares<\/b>\u201d.<\/span><\/p>\n<p><span style=\"font-family: tahoma, arial, helvetica, sans-serif; font-size: 14pt;\">El video de Hora20 de Caracol Radio es el siguiente:<\/span><\/p>\n<p><iframe hcb-fetch-image-from=\"https:\/\/www.youtube.com\/watch?v=g4Di82hbuHM\" title=\"Secuestro de militares, descertificaci\u00f3n y lobby enWashington | Caracol Radio\" width=\"640\" height=\"360\" src=\"https:\/\/www.youtube.com\/embed\/g4Di82hbuHM?feature=oembed\" frameborder=\"0\" allow=\"accelerometer; autoplay; clipboard-write; encrypted-media; gyroscope; picture-in-picture; web-share\" referrerpolicy=\"strict-origin-when-cross-origin\" allowfullscreen><\/iframe><\/p>\n<p><span style=\"font-family: tahoma, arial, helvetica, sans-serif; font-size: 14pt;\">El audio de Hora de Caracol Radio es el siguiente:<\/span><\/p>\n<!--[if lt IE 9]><script>document.createElement('audio');<\/script><![endif]-->\n<audio class=\"wp-audio-shortcode\" id=\"audio-4463-1\" preload=\"none\" style=\"width: 100%;\" controls=\"controls\"><source type=\"audio\/mpeg\" src=\"https:\/\/jairolibreros.com\/wp-content\/uploads\/2025\/09\/Descertificacion_-entre-el-secuestro-de-militares-la-fumigacion-y-el-lobby-en-Washington.mp3?_=1\" \/><a href=\"https:\/\/jairolibreros.com\/wp-content\/uploads\/2025\/09\/Descertificacion_-entre-el-secuestro-de-militares-la-fumigacion-y-el-lobby-en-Washington.mp3\">https:\/\/jairolibreros.com\/wp-content\/uploads\/2025\/09\/Descertificacion_-entre-el-secuestro-de-militares-la-fumigacion-y-el-lobby-en-Washington.mp3<\/a><\/audio>\n<p><span style=\"font-family: tahoma, arial, helvetica, sans-serif; font-size: 14pt;\">El link\u00a0de Hora20 de Caracol Radio es siguiente:<\/span><\/p>\n<p><span style=\"font-family: tahoma, arial, helvetica, sans-serif; font-size: 14pt;\"><span style=\"text-decoration: underline;\"><a href=\"https:\/\/caracol.com.co\/2025\/09\/09\/descertificacion-entre-el-secuestro-de-militares-la-fumigacion-y-el-lobby-en-washington\/\">https:\/\/caracol.com.co\/2025\/09\/09\/descertificacion-entre-el-secuestro-de-militares-la-fumigacion-y-el-lobby-en-washington\/<\/a><\/span>\u00a0<\/span><\/p>\n<p style=\"text-align: right;\"><span style=\"text-decoration: underline; font-family: tahoma, arial, helvetica, sans-serif; font-size: 14pt;\"><a href=\"https:\/\/jairolibreros.com\/\"><strong>Blog de Jairo Libreros<\/strong><\/a><\/span><\/p>\n","protected":false},"excerpt":{"rendered":"<p>Descertificaci\u00f3n: entre el secuestro de militares, la fumigaci\u00f3n y el lobby en Washington Hora20 \u2022 Caracol Radio \u2022 Nicol\u00e1s Llano \u2022 09.09.2025 Panelistas <\/p>\n","protected":false},"author":1,"featured_media":4468,"comment_status":"open","ping_status":"open","sticky":false,"template":"","format":"standard","meta":{"om_disable_all_campaigns":false,"_monsterinsights_skip_tracking":false,"_monsterinsights_sitenote_active":false,"_monsterinsights_sitenote_note":"","_monsterinsights_sitenote_category":0,"footnotes":""},"categories":[94,1],"tags":[54,90,97,64],"aioseo_notices":[],"class_list":["post-4463","post","type-post","status-publish","format-standard","has-post-thumbnail","hentry","category-caracol-radio","category-jairo-libreros","tag-comunicacion-politica","tag-seguridad-y-defensa-nacional","tag-inteligencia-estrategica","tag-politica-internacional"],"_links":{"self":[{"href":"https:\/\/jairolibreros.com\/index.php?rest_route=\/wp\/v2\/posts\/4463"}],"collection":[{"href":"https:\/\/jairolibreros.com\/index.php?rest_route=\/wp\/v2\/posts"}],"about":[{"href":"https:\/\/jairolibreros.com\/index.php?rest_route=\/wp\/v2\/types\/post"}],"author":[{"embeddable":true,"href":"https:\/\/jairolibreros.com\/index.php?rest_route=\/wp\/v2\/users\/1"}],"replies":[{"embeddable":true,"href":"https:\/\/jairolibreros.com\/index.php?rest_route=%2Fwp%2Fv2%2Fcomments&post=4463"}],"version-history":[{"count":3,"href":"https:\/\/jairolibreros.com\/index.php?rest_route=\/wp\/v2\/posts\/4463\/revisions"}],"predecessor-version":[{"id":4554,"href":"https:\/\/jairolibreros.com\/index.php?rest_route=\/wp\/v2\/posts\/4463\/revisions\/4554"}],"wp:featuredmedia":[{"embeddable":true,"href":"https:\/\/jairolibreros.com\/index.php?rest_route=\/wp\/v2\/media\/4468"}],"wp:attachment":[{"href":"https:\/\/jairolibreros.com\/index.php?rest_route=%2Fwp%2Fv2%2Fmedia&parent=4463"}],"wp:term":[{"taxonomy":"category","embeddable":true,"href":"https:\/\/jairolibreros.com\/index.php?rest_route=%2Fwp%2Fv2%2Fcategories&post=4463"},{"taxonomy":"post_tag","embeddable":true,"href":"https:\/\/jairolibreros.com\/index.php?rest_route=%2Fwp%2Fv2%2Ftags&post=4463"}],"curies":[{"name":"wp","href":"https:\/\/api.w.org\/{rel}","templated":true}]}}