{"id":4466,"date":"2025-09-09T12:15:45","date_gmt":"2025-09-09T12:15:45","guid":{"rendered":"https:\/\/jairolibreros.com\/?p=4466"},"modified":"2025-10-19T18:38:28","modified_gmt":"2025-10-19T18:38:28","slug":"abc-de-la-descertificacion-antidrogas-del-gobierno-samper-y-el-panorama-hoy-en-colombia","status":"publish","type":"post","link":"https:\/\/jairolibreros.com\/?p=4466","title":{"rendered":"ABC de la descertificaci\u00f3n antidrogas del gobierno Samper y el panorama hoy en Colombia"},"content":{"rendered":"<p><span style=\"font-family: tahoma, arial, helvetica, sans-serif; font-size: 14pt;\"><strong>ABC de la descertificaci\u00f3n antidrogas del gobierno Samper y el panorama hoy en Colombia<\/strong><\/span><\/p>\n<p><span style=\"font-family: tahoma, arial, helvetica, sans-serif; font-size: 14pt;\"><em><span class=\"s1\">Bloomberg \u2022 Mar\u00eda Camila Su\u00e1rez \u2022 08.09.2025<\/span><\/em><\/span><\/p>\n<p class=\"p1\" style=\"text-align: center;\"><span style=\"font-family: tahoma, arial, helvetica, sans-serif; font-size: 14pt;\"><strong>Tras la descertificaci\u00f3n recibida en marzo de 1996 no hubo una crisis cambiaria ni un colapso abrupto del valor del peso colombiano<\/strong><\/span><\/p>\n<p class=\"p1\"><span style=\"font-family: tahoma, arial, helvetica, sans-serif; font-size: 14pt;\"><b>El panorama hoy<\/b><\/span><\/p>\n<p class=\"p1\"><span style=\"font-family: tahoma, arial, helvetica, sans-serif; font-size: 14pt;\">\u201cPuede venir una certificaci\u00f3n por razones de seguridad nacional\u201d, dijo a\u00a0<i>Bloomberg L\u00ednea\u00a0<\/i><strong>Jairo Libreros, internacionalista experto en defensa y seguridad<\/strong>.\u00a0<b>\u201c<\/b><em>Para Colombia ser\u00eda el peor escenario una descertificaci\u00f3n, pero a Estados Unidos tambi\u00e9n lo compromete de manera particular en su lucha contra las drogas il\u00edcitas en un rengl\u00f3n que funciona, y es la interdicci\u00f3n a\u00e9rea y mar\u00edtima<\/em>\u201d.<\/span><\/p>\n<p class=\"p1\"><span style=\"font-family: tahoma, arial, helvetica, sans-serif; font-size: 14pt;\"><strong>Libreros<\/strong> dice que el nubarr\u00f3n est\u00e1 encima de Colombia por las muy dif\u00edciles consecuencias que puede enfrentar, porque la certificaci\u00f3n permite que Estados Unidos\u00a0<b>preste asistencia t\u00e9cnica, cooperaci\u00f3n en temas de seguridad, justicia, inteligencia y recursos financieros para la operaci\u00f3n de las Fuerzas Armadas, especialmente<\/b>.<\/span><\/p>\n<p><span style=\"font-family: tahoma, arial, helvetica, sans-serif; font-size: 14pt;\">El link de Bloomberg con el an\u00e1lisis es el siguiente:<\/span><\/p>\n<p><span style=\"font-family: tahoma, arial, helvetica, sans-serif; font-size: 14pt;\"><span style=\"text-decoration: underline;\"><a href=\"https:\/\/www.bloomberglinea.com\/latinoamerica\/colombia\/abc-de-la-descertificacion-antidrogas-del-gobierno-samper-y-el-panorama-hoy-en-colombia\/\">https:\/\/www.bloomberglinea.com\/latinoamerica\/colombia\/abc-de-la-descertificacion-antidrogas-del-gobierno-samper-y-el-panorama-hoy-en-colombia\/<\/a><\/span>\u00a0<\/span><\/p>\n<p style=\"text-align: right;\"><span style=\"text-decoration: underline; font-family: tahoma, arial, helvetica, sans-serif; font-size: 14pt;\"><a href=\"https:\/\/jairolibreros.com\/\"><strong>Blog de Jairo Libreros<\/strong><\/a><\/span><\/p>\n","protected":false},"excerpt":{"rendered":"<p>ABC de la descertificaci\u00f3n antidrogas del gobierno Samper y el panorama hoy en Colombia Bloomberg \u2022 Mar\u00eda Camila Su\u00e1rez \u2022 08.09.2025 Tras la <\/p>\n","protected":false},"author":1,"featured_media":425,"comment_status":"open","ping_status":"open","sticky":false,"template":"","format":"standard","meta":{"om_disable_all_campaigns":false,"_monsterinsights_skip_tracking":false,"_monsterinsights_sitenote_active":false,"_monsterinsights_sitenote_note":"","_monsterinsights_sitenote_category":0,"footnotes":""},"categories":[1,96],"tags":[54,90,64],"aioseo_notices":[],"class_list":["post-4466","post","type-post","status-publish","format-standard","has-post-thumbnail","hentry","category-jairo-libreros","category-universidad-externado","tag-comunicacion-politica","tag-seguridad-y-defensa-nacional","tag-politica-internacional"],"_links":{"self":[{"href":"https:\/\/jairolibreros.com\/index.php?rest_route=\/wp\/v2\/posts\/4466"}],"collection":[{"href":"https:\/\/jairolibreros.com\/index.php?rest_route=\/wp\/v2\/posts"}],"about":[{"href":"https:\/\/jairolibreros.com\/index.php?rest_route=\/wp\/v2\/types\/post"}],"author":[{"embeddable":true,"href":"https:\/\/jairolibreros.com\/index.php?rest_route=\/wp\/v2\/users\/1"}],"replies":[{"embeddable":true,"href":"https:\/\/jairolibreros.com\/index.php?rest_route=%2Fwp%2Fv2%2Fcomments&post=4466"}],"version-history":[{"count":2,"href":"https:\/\/jairolibreros.com\/index.php?rest_route=\/wp\/v2\/posts\/4466\/revisions"}],"predecessor-version":[{"id":4553,"href":"https:\/\/jairolibreros.com\/index.php?rest_route=\/wp\/v2\/posts\/4466\/revisions\/4553"}],"wp:featuredmedia":[{"embeddable":true,"href":"https:\/\/jairolibreros.com\/index.php?rest_route=\/wp\/v2\/media\/425"}],"wp:attachment":[{"href":"https:\/\/jairolibreros.com\/index.php?rest_route=%2Fwp%2Fv2%2Fmedia&parent=4466"}],"wp:term":[{"taxonomy":"category","embeddable":true,"href":"https:\/\/jairolibreros.com\/index.php?rest_route=%2Fwp%2Fv2%2Fcategories&post=4466"},{"taxonomy":"post_tag","embeddable":true,"href":"https:\/\/jairolibreros.com\/index.php?rest_route=%2Fwp%2Fv2%2Ftags&post=4466"}],"curies":[{"name":"wp","href":"https:\/\/api.w.org\/{rel}","templated":true}]}}