{"id":4473,"date":"2025-09-10T09:00:21","date_gmt":"2025-09-10T09:00:21","guid":{"rendered":"https:\/\/jairolibreros.com\/?p=4473"},"modified":"2025-09-17T13:50:16","modified_gmt":"2025-09-17T13:50:16","slug":"en-el-2026-los-tiempos-de-la-politica-de-paz-no-seran-definidos-en-la-casa-de-narino","status":"publish","type":"post","link":"https:\/\/jairolibreros.com\/?p=4473","title":{"rendered":"\u00bfNuevas e inciertas pol\u00edticas territoriales de paz?"},"content":{"rendered":"<p><span style=\"font-family: tahoma, arial, helvetica, sans-serif; font-size: 14pt;\"><strong>\u00bfNuevas e inciertas pol\u00edticas territoriales de paz?<\/strong><\/span><\/p>\n<p><span style=\"font-family: tahoma, arial, helvetica, sans-serif; font-size: 14pt;\"><em><span class=\"s1\">Semana por la Paz \u2022 Personer\u00eda de Bogot\u00e1 \u2022 Alcald\u00eda Local de Rafael Uribe, Bogot\u00e1 \u2022 10.09.2025<\/span><\/em><\/span><\/p>\n<figure id=\"attachment_4475\" aria-describedby=\"caption-attachment-4475\" style=\"width: 240px\" class=\"wp-caption alignleft\"><img fetchpriority=\"high\" decoding=\"async\" class=\"size-medium wp-image-4475\" src=\"https:\/\/jairolibreros.com\/wp-content\/uploads\/2025\/09\/5D2B336B-27DA-461C-9B60-83898447235D-240x300.jpg\" alt=\"\" width=\"240\" height=\"300\" srcset=\"https:\/\/jairolibreros.com\/wp-content\/uploads\/2025\/09\/5D2B336B-27DA-461C-9B60-83898447235D-240x300.jpg 240w, https:\/\/jairolibreros.com\/wp-content\/uploads\/2025\/09\/5D2B336B-27DA-461C-9B60-83898447235D-819x1024.jpg 819w, https:\/\/jairolibreros.com\/wp-content\/uploads\/2025\/09\/5D2B336B-27DA-461C-9B60-83898447235D-768x960.jpg 768w, https:\/\/jairolibreros.com\/wp-content\/uploads\/2025\/09\/5D2B336B-27DA-461C-9B60-83898447235D-1229x1536.jpg 1229w, https:\/\/jairolibreros.com\/wp-content\/uploads\/2025\/09\/5D2B336B-27DA-461C-9B60-83898447235D-1638x2048.jpg 1638w, https:\/\/jairolibreros.com\/wp-content\/uploads\/2025\/09\/5D2B336B-27DA-461C-9B60-83898447235D-scaled.jpg 2048w\" sizes=\"(max-width: 240px) 100vw, 240px\" \/><figcaption id=\"caption-attachment-4475\" class=\"wp-caption-text\"><span style=\"font-family: tahoma, arial, helvetica, sans-serif; font-size: 14pt;\"><span style=\"font-size: 10pt;\">Jairo Libreros. Semana por la Paz. Alcald\u00eda Rafael Uribe, Bogot\u00e1. Personer\u00eda de Bogot\u00e1.<\/span><b><\/b><\/span><\/figcaption><\/figure>\n<figure id=\"attachment_4469\" class=\"wp-caption alignright\" aria-describedby=\"caption-attachment-4469\">\n<div><\/div>\n<div><\/div>\n<\/figure>\n<p class=\"p1\"><span style=\"font-family: tahoma, arial, helvetica, sans-serif; font-size: 14pt;\">Desde un punto de vista hist\u00f3rico las pol\u00edticas de paz, las negociaciones de paz y los acuerdos de paz se pueden registrar como un carrusel de altibajos: hitos, fracasos, \u00e9xitos\u2026<\/span><\/p>\n<p class=\"p1\"><span style=\"font-family: tahoma, arial, helvetica, sans-serif; font-size: 14pt;\">Y no solo hablo del caso colombiano, me refiero a la gran mayor\u00eda de experiencias internacionales en donde un conflicto armado interno lastr\u00f3 el transcurrir de la vida en sociedad, en democracia o en dictadura\u2026<\/span><\/p>\n<p class=\"p1\"><span style=\"font-family: tahoma, arial, helvetica, sans-serif; font-size: 14pt;\">Para mi generaci\u00f3n enumero Caracas y Tlaxcala (1991-1992) es el primer referente. El segundo, el Caguan (1998-2002). El tercero, la negociaci\u00f3n con el paramilitarismo (2005-2008), que termin\u00f3 con los se\u00f1ores de la guerra extraditados a EEUU, y siempre los del ELN sentados o en la pista de una mesa de negociaci\u00f3n.<span class=\"Apple-converted-space\">\u00a0<\/span><\/span><\/p>\n<p class=\"p1\"><span style=\"font-family: tahoma, arial, helvetica, sans-serif; font-size: 14pt;\">Igualmente, est\u00e1n los acuerdos de paz con el M19 (1990), con el EPL y Quint\u00edn Lame (1991). Y el acuerdo de paz del teatro Col\u00f3n de 2016.<\/span><\/p>\n<p class=\"p1\"><span style=\"font-family: tahoma, arial, helvetica, sans-serif; font-size: 14pt;\">Esos altibajos de glorias y derrotas, para algunos solo d\u00eda de glorias, para otros solo d\u00edas de derrotas, siempre estuvieron marcados por ciclos de violencia: la pol\u00edtica<span class=\"Apple-converted-space\">\u00a0 <\/span>(1940-1960), la guerra contrainsurgente (a\u00f1os 1960-2020), y un tercer ciclo que comienza a comienzos de la d\u00e9cada de 2020.<\/span><\/p>\n<p class=\"p1\"><span style=\"font-family: tahoma, arial, helvetica, sans-serif; font-size: 14pt;\">Y en este 2025: mataron al senador y precandidato presidencial Miguel Uribe. 113 l\u00edderes asesinados. 56 masacres. 31 firmantes de la paz asesinados. 60 mil desplazados en El Catatumbo.<\/span><\/p>\n<p class=\"p1\"><span style=\"font-family: tahoma, arial, helvetica, sans-serif; font-size: 14pt;\">En 13 horas, 27 atentados terroristas entre el norte del Cauca y el sur del Valle. Mataron a siete personas en una explosi\u00f3n cuando iban a destruir la Base A\u00e9rea de la FAC en Cali. Y anoche en medio del partido de Colombia vs. Venezuela mataron a Jos\u00e9 Dorian Jim\u00e9nez, secretario de Gobierno de Pradera, Valle del Cauca; y el Gobierno del Cambio le otorg\u00f3 un nuevo vestido al Clan del Golfo: ej\u00e9rcito gaitanista de Colombia.<\/span><\/p>\n<p><span style=\"font-family: tahoma, arial, helvetica, sans-serif; font-size: 14pt;\">La hip\u00f3tesis de mi presentaci\u00f3n es:<\/span><\/p>\n<figure id=\"attachment_4488\" aria-describedby=\"caption-attachment-4488\" style=\"width: 300px\" class=\"wp-caption alignright\"><img decoding=\"async\" class=\"size-medium wp-image-4488\" src=\"https:\/\/jairolibreros.com\/wp-content\/uploads\/2025\/09\/b0931224-a972-496e-89ba-cfec14ff9b7c-300x201.jpg\" alt=\"\" width=\"300\" height=\"201\" srcset=\"https:\/\/jairolibreros.com\/wp-content\/uploads\/2025\/09\/b0931224-a972-496e-89ba-cfec14ff9b7c-300x201.jpg 300w, https:\/\/jairolibreros.com\/wp-content\/uploads\/2025\/09\/b0931224-a972-496e-89ba-cfec14ff9b7c-1024x685.jpg 1024w, https:\/\/jairolibreros.com\/wp-content\/uploads\/2025\/09\/b0931224-a972-496e-89ba-cfec14ff9b7c-768x514.jpg 768w, https:\/\/jairolibreros.com\/wp-content\/uploads\/2025\/09\/b0931224-a972-496e-89ba-cfec14ff9b7c-1536x1027.jpg 1536w, https:\/\/jairolibreros.com\/wp-content\/uploads\/2025\/09\/b0931224-a972-496e-89ba-cfec14ff9b7c.jpg 1600w\" sizes=\"(max-width: 300px) 100vw, 300px\" \/><figcaption id=\"caption-attachment-4488\" class=\"wp-caption-text\"><span style=\"font-size: 10pt;\">Jairo Libreros. Semana por la Paz. Personer\u00eda de Bogot\u00e1. Alcald\u00eda Rafael Uribe, Bogot\u00e1. 10.09.2025<\/span><\/figcaption><\/figure>\n<p class=\"p1\" style=\"text-align: center;\"><span style=\"font-family: tahoma, arial, helvetica, sans-serif; font-size: 14pt;\"><b>Las formas de la violencia de las estructuras criminales determinar\u00e1n el contenido de la paz del 2026<\/b><\/span><\/p>\n<p class=\"p1\"><span style=\"font-family: tahoma, arial, helvetica, sans-serif; font-size: 14pt;\"><strong>I.<\/strong> Ecosistema de la paz<\/span><\/p>\n<p><span style=\"font-family: tahoma, arial, helvetica, sans-serif; font-size: 14pt;\"><strong>\u00b7<\/strong> Acuerdo del Teatro Col\u00f3n<\/span><\/p>\n<p><span style=\"font-family: tahoma, arial, helvetica, sans-serif; font-size: 14pt;\"><strong>\u00b7<\/strong> Paz total<\/span><\/p>\n<p class=\"p1\"><span style=\"font-family: tahoma, arial, helvetica, sans-serif; font-size: 14pt;\"><strong>II.<\/strong> Ecosistema de la violencia<\/span><\/p>\n<p class=\"p1\"><span style=\"font-family: tahoma, arial, helvetica, sans-serif; font-size: 14pt;\"><strong>\u00b7<\/strong> Atomizaci\u00f3n de las estructuras<\/span><\/p>\n<p class=\"p1\"><span style=\"font-family: tahoma, arial, helvetica, sans-serif; font-size: 14pt;\"><strong>\u00b7<\/strong> Fragmentaci\u00f3n territorial<\/span><\/p>\n<p class=\"p1\"><span style=\"font-family: tahoma, arial, helvetica, sans-serif; font-size: 14pt;\"><strong>III.<\/strong> Conclusi\u00f3n<\/span><\/p>\n<p style=\"text-align: right;\"><span style=\"text-decoration: underline; font-family: tahoma, arial, helvetica, sans-serif; font-size: 14pt;\"><a href=\"https:\/\/jairolibreros.com\/\"><strong>Blog de Jairo Libreros<\/strong><\/a><\/span><\/p>\n","protected":false},"excerpt":{"rendered":"<p>\u00bfNuevas e inciertas pol\u00edticas territoriales de paz? Semana por la Paz \u2022 Personer\u00eda de Bogot\u00e1 \u2022 Alcald\u00eda Local de Rafael Uribe, Bogot\u00e1 \u2022 <\/p>\n","protected":false},"author":1,"featured_media":4489,"comment_status":"open","ping_status":"open","sticky":false,"template":"","format":"standard","meta":{"om_disable_all_campaigns":false,"_monsterinsights_skip_tracking":false,"_monsterinsights_sitenote_active":false,"_monsterinsights_sitenote_note":"","_monsterinsights_sitenote_category":0,"footnotes":""},"categories":[1,96],"tags":[54,90,97,39],"aioseo_notices":[],"class_list":["post-4473","post","type-post","status-publish","format-standard","has-post-thumbnail","hentry","category-jairo-libreros","category-universidad-externado","tag-comunicacion-politica","tag-seguridad-y-defensa-nacional","tag-inteligencia-estrategica","tag-seguridad-ciudadana"],"_links":{"self":[{"href":"https:\/\/jairolibreros.com\/index.php?rest_route=\/wp\/v2\/posts\/4473"}],"collection":[{"href":"https:\/\/jairolibreros.com\/index.php?rest_route=\/wp\/v2\/posts"}],"about":[{"href":"https:\/\/jairolibreros.com\/index.php?rest_route=\/wp\/v2\/types\/post"}],"author":[{"embeddable":true,"href":"https:\/\/jairolibreros.com\/index.php?rest_route=\/wp\/v2\/users\/1"}],"replies":[{"embeddable":true,"href":"https:\/\/jairolibreros.com\/index.php?rest_route=%2Fwp%2Fv2%2Fcomments&post=4473"}],"version-history":[{"count":17,"href":"https:\/\/jairolibreros.com\/index.php?rest_route=\/wp\/v2\/posts\/4473\/revisions"}],"predecessor-version":[{"id":4555,"href":"https:\/\/jairolibreros.com\/index.php?rest_route=\/wp\/v2\/posts\/4473\/revisions\/4555"}],"wp:featuredmedia":[{"embeddable":true,"href":"https:\/\/jairolibreros.com\/index.php?rest_route=\/wp\/v2\/media\/4489"}],"wp:attachment":[{"href":"https:\/\/jairolibreros.com\/index.php?rest_route=%2Fwp%2Fv2%2Fmedia&parent=4473"}],"wp:term":[{"taxonomy":"category","embeddable":true,"href":"https:\/\/jairolibreros.com\/index.php?rest_route=%2Fwp%2Fv2%2Fcategories&post=4473"},{"taxonomy":"post_tag","embeddable":true,"href":"https:\/\/jairolibreros.com\/index.php?rest_route=%2Fwp%2Fv2%2Ftags&post=4473"}],"curies":[{"name":"wp","href":"https:\/\/api.w.org\/{rel}","templated":true}]}}