{"id":4495,"date":"2025-09-11T09:51:08","date_gmt":"2025-09-11T09:51:08","guid":{"rendered":"https:\/\/jairolibreros.com\/?p=4495"},"modified":"2025-09-17T13:50:43","modified_gmt":"2025-09-17T13:50:43","slug":"el-expresidente-alvaro-uribe-regresara-al-congreso-de-la-republica","status":"publish","type":"post","link":"https:\/\/jairolibreros.com\/?p=4495","title":{"rendered":"\u00bfEl expresidente \u00c1lvaro Uribe regresar\u00e1 al Congreso de la Rep\u00fablica?"},"content":{"rendered":"<p><strong><span style=\"font-family: tahoma, arial, helvetica, sans-serif; font-size: 14pt;\">\u00bfEl expresidente \u00c1lvaro Uribe regresar\u00e1 al Congreso de la Rep\u00fablica?<\/span><\/strong><\/p>\n<p><span style=\"font-family: tahoma, arial, helvetica, sans-serif; font-size: 14pt;\"><em><span class=\"s1\">Caracol Radio \u2022 Sebasti\u00e1n Cort\u00e9s \u2022 11.09.2025<\/span><\/em><\/span><\/p>\n<p><span style=\"font-family: tahoma, arial, helvetica, sans-serif; font-size: 14pt;\"><strong>\u00bfQu\u00e9 tan factible es que el expresidente Uribe vuelva al Congreso siendo el n\u00famero 25 de una lista cerrada?<\/strong><\/span><\/p>\n<p class=\"p1\"><span style=\"font-family: tahoma, arial, helvetica, sans-serif; font-size: 14pt;\">&#8220;<em>El tema de fondo no es alcanzar el senador numero 25 en la lista del Centro Democr\u00e1tico. Tampoco el expresidente \u00c1lvaro Uribe est\u00e1 interesado en regresar al Senado de la Rep\u00fablica. El uribismo realmente lo que busca es enviar un mensaje de confianza sobre su viabilidad pol\u00edtica mayoritaria consolidando electoralmente todo el descontento social que gener\u00f3 la sentencia condenatoria de primera instancia en contra del expresidente Uribe, y traducirla en votos, para convertir al Centro Democr\u00e1tico en la colectividad m\u00e1s votada al Senado y, con base en ese caudal electoral, negociar las formulas presidencial y vicepresidencial con el abanico de candidatos de la centro derecha y la derecha para la primera vuelta electoral de mayo de 2026<\/em>&#8220;: <strong>Jairo Libreros<\/strong>.<\/span><\/p>\n<p><span style=\"font-family: tahoma, arial, helvetica, sans-serif; font-size: 14pt;\">El link de Caracol Radio es el siguiente:<\/span><\/p>\n<p>&nbsp;<\/p>\n<p style=\"text-align: right;\"><span style=\"text-decoration: underline; font-family: tahoma, arial, helvetica, sans-serif; font-size: 14pt;\"><a href=\"https:\/\/jairolibreros.com\/\"><strong>Blog de Jairo Libreros<\/strong><\/a><\/span><\/p>\n","protected":false},"excerpt":{"rendered":"<p>\u00bfEl expresidente \u00c1lvaro Uribe regresar\u00e1 al Congreso de la Rep\u00fablica? Caracol Radio \u2022 Sebasti\u00e1n Cort\u00e9s \u2022 11.09.2025 \u00bfQu\u00e9 tan factible es que el <\/p>\n","protected":false},"author":1,"featured_media":428,"comment_status":"open","ping_status":"open","sticky":false,"template":"","format":"standard","meta":{"om_disable_all_campaigns":false,"_monsterinsights_skip_tracking":false,"_monsterinsights_sitenote_active":false,"_monsterinsights_sitenote_note":"","_monsterinsights_sitenote_category":0,"footnotes":""},"categories":[94,1],"tags":[44,54],"aioseo_notices":[],"class_list":["post-4495","post","type-post","status-publish","format-standard","has-post-thumbnail","hentry","category-caracol-radio","category-jairo-libreros","tag-elecciones","tag-comunicacion-politica"],"_links":{"self":[{"href":"https:\/\/jairolibreros.com\/index.php?rest_route=\/wp\/v2\/posts\/4495"}],"collection":[{"href":"https:\/\/jairolibreros.com\/index.php?rest_route=\/wp\/v2\/posts"}],"about":[{"href":"https:\/\/jairolibreros.com\/index.php?rest_route=\/wp\/v2\/types\/post"}],"author":[{"embeddable":true,"href":"https:\/\/jairolibreros.com\/index.php?rest_route=\/wp\/v2\/users\/1"}],"replies":[{"embeddable":true,"href":"https:\/\/jairolibreros.com\/index.php?rest_route=%2Fwp%2Fv2%2Fcomments&post=4495"}],"version-history":[{"count":5,"href":"https:\/\/jairolibreros.com\/index.php?rest_route=\/wp\/v2\/posts\/4495\/revisions"}],"predecessor-version":[{"id":4556,"href":"https:\/\/jairolibreros.com\/index.php?rest_route=\/wp\/v2\/posts\/4495\/revisions\/4556"}],"wp:featuredmedia":[{"embeddable":true,"href":"https:\/\/jairolibreros.com\/index.php?rest_route=\/wp\/v2\/media\/428"}],"wp:attachment":[{"href":"https:\/\/jairolibreros.com\/index.php?rest_route=%2Fwp%2Fv2%2Fmedia&parent=4495"}],"wp:term":[{"taxonomy":"category","embeddable":true,"href":"https:\/\/jairolibreros.com\/index.php?rest_route=%2Fwp%2Fv2%2Fcategories&post=4495"},{"taxonomy":"post_tag","embeddable":true,"href":"https:\/\/jairolibreros.com\/index.php?rest_route=%2Fwp%2Fv2%2Ftags&post=4495"}],"curies":[{"name":"wp","href":"https:\/\/api.w.org\/{rel}","templated":true}]}}