{"id":4511,"date":"2025-09-19T09:00:07","date_gmt":"2025-09-19T09:00:07","guid":{"rendered":"https:\/\/jairolibreros.com\/?p=4511"},"modified":"2025-09-17T13:52:14","modified_gmt":"2025-09-17T13:52:14","slug":"tambores-de-guerra","status":"publish","type":"post","link":"https:\/\/jairolibreros.com\/?p=4511","title":{"rendered":"\u00bfTambores de guerra?"},"content":{"rendered":"<p><span style=\"font-family: tahoma, arial, helvetica, sans-serif; font-size: 14pt;\"><strong>\u00bfTambores de guerra?<\/strong><\/span><\/p>\n<p><span style=\"font-family: tahoma, arial, helvetica, sans-serif; font-size: 14pt;\"><em>Universidad de La Salle. Maestr\u00eda en Pol\u00edtica y Relaciones Internacionales<\/em><\/span><\/p>\n<p style=\"text-align: center;\"><span style=\"font-family: tahoma, arial, helvetica, sans-serif; font-size: 14pt;\"><strong>La deriva de la paz total se encuentra en el fortalecimiento de las estructuras criminales -pie de fuerza, armamento, rentas il\u00edcitas, control territorial- en medio de un contexto internacional atiborrado de enfrentamientos armados que limitar\u00e1n la gobernabilidad del pr\u00f3ximo presidente de Colombia.<\/strong><\/span><\/p>\n<p><span style=\"font-family: tahoma, arial, helvetica, sans-serif; font-size: 14pt;\"><strong>I.<\/strong> Gobernabilidad y paz total<\/span><\/p>\n<p><span style=\"font-family: tahoma, arial, helvetica, sans-serif; font-size: 14pt;\"><strong>\u00b7<\/strong> Atomizaci\u00f3n de las estructuras<\/span><\/p>\n<p><span style=\"font-family: tahoma, arial, helvetica, sans-serif; font-size: 14pt;\"><strong>\u00b7<\/strong> Fragmentaci\u00f3n territorial<\/span><\/p>\n<p><span style=\"font-family: tahoma, arial, helvetica, sans-serif; font-size: 14pt;\"><strong>II.<\/strong> Paz y seguridad internacional<\/span><\/p>\n<p><span style=\"font-family: tahoma, arial, helvetica, sans-serif; font-size: 14pt;\"><strong>\u00b7<\/strong> Hip\u00f3tesis global<\/span><\/p>\n<p><span style=\"font-family: tahoma, arial, helvetica, sans-serif; font-size: 14pt;\"><strong>\u00b7<\/strong> Hip\u00f3tesis regional: Venezuela<\/span><\/p>\n<p><span style=\"font-family: tahoma, arial, helvetica, sans-serif; font-size: 14pt;\"><strong>III.<\/strong> Conclusi\u00f3n<\/span><\/p>\n<p><span style=\"font-family: tahoma, arial, helvetica, sans-serif; font-size: 14pt;\"><strong>Referencias<\/strong><\/span><\/p>\n<p><span style=\"font-family: tahoma, arial, helvetica, sans-serif; font-size: 14pt;\">Putin pone a prueba a Polonia, la UE y la OTAN con la entrada de drones en el espacio polaco. El Pa\u00eds Global. 10.09.2025.<\/span><\/p>\n<p><span style=\"font-family: tahoma, arial, helvetica, sans-serif; font-size: 14pt;\">\u00bfQu\u00e9 sabemos sobre el tercer ciclo de violencia en Colombia? Guti\u00e9rrez, F. CAPAZ. 2025.<\/span><\/p>\n<p><span style=\"font-family: tahoma, arial, helvetica, sans-serif; font-size: 14pt;\">La violencia despu\u00e9s del Acuerdo de paz. \u00bfC\u00f3mo es hoy (y c\u00f3mo ser\u00e1) la guerra en Colombia? Trejos, L. y Badillo, R. FESCOL. 2025.<\/span><\/p>\n<p><span style=\"font-family: tahoma, arial, helvetica, sans-serif; font-size: 14pt;\">\u00bfEl ej\u00e9rcito de Trump? Timothy Snyder. El Pa\u00eds Global. 02.07.2025.<\/span><\/p>\n<p><span style=\"font-family: tahoma, arial, helvetica, sans-serif; font-size: 14pt;\">M\u00e1s pruebas de que este realmente es el fin de la historia. The Atlantic. Fukuyama, F. 17.10.2022.<\/span><\/p>\n<p style=\"text-align: right;\"><span style=\"text-decoration: underline; font-family: tahoma, arial, helvetica, sans-serif; font-size: 14pt;\"><a href=\"https:\/\/jairolibreros.com\/\"><strong>Blog de Jairo Libreros<\/strong><\/a><\/span><\/p>\n","protected":false},"excerpt":{"rendered":"<p>\u00bfTambores de guerra? Universidad de La Salle. Maestr\u00eda en Pol\u00edtica y Relaciones Internacionales La deriva de la paz total se encuentra en el <\/p>\n","protected":false},"author":1,"featured_media":4535,"comment_status":"open","ping_status":"open","sticky":false,"template":"","format":"standard","meta":{"om_disable_all_campaigns":false,"_monsterinsights_skip_tracking":false,"_monsterinsights_sitenote_active":false,"_monsterinsights_sitenote_note":"","_monsterinsights_sitenote_category":0,"footnotes":""},"categories":[1,96],"tags":[44,90,97,64],"aioseo_notices":[],"class_list":["post-4511","post","type-post","status-publish","format-standard","has-post-thumbnail","hentry","category-jairo-libreros","category-universidad-externado","tag-elecciones","tag-seguridad-y-defensa-nacional","tag-inteligencia-estrategica","tag-politica-internacional"],"_links":{"self":[{"href":"https:\/\/jairolibreros.com\/index.php?rest_route=\/wp\/v2\/posts\/4511"}],"collection":[{"href":"https:\/\/jairolibreros.com\/index.php?rest_route=\/wp\/v2\/posts"}],"about":[{"href":"https:\/\/jairolibreros.com\/index.php?rest_route=\/wp\/v2\/types\/post"}],"author":[{"embeddable":true,"href":"https:\/\/jairolibreros.com\/index.php?rest_route=\/wp\/v2\/users\/1"}],"replies":[{"embeddable":true,"href":"https:\/\/jairolibreros.com\/index.php?rest_route=%2Fwp%2Fv2%2Fcomments&post=4511"}],"version-history":[{"count":5,"href":"https:\/\/jairolibreros.com\/index.php?rest_route=\/wp\/v2\/posts\/4511\/revisions"}],"predecessor-version":[{"id":4559,"href":"https:\/\/jairolibreros.com\/index.php?rest_route=\/wp\/v2\/posts\/4511\/revisions\/4559"}],"wp:featuredmedia":[{"embeddable":true,"href":"https:\/\/jairolibreros.com\/index.php?rest_route=\/wp\/v2\/media\/4535"}],"wp:attachment":[{"href":"https:\/\/jairolibreros.com\/index.php?rest_route=%2Fwp%2Fv2%2Fmedia&parent=4511"}],"wp:term":[{"taxonomy":"category","embeddable":true,"href":"https:\/\/jairolibreros.com\/index.php?rest_route=%2Fwp%2Fv2%2Fcategories&post=4511"},{"taxonomy":"post_tag","embeddable":true,"href":"https:\/\/jairolibreros.com\/index.php?rest_route=%2Fwp%2Fv2%2Ftags&post=4511"}],"curies":[{"name":"wp","href":"https:\/\/api.w.org\/{rel}","templated":true}]}}