{"id":4513,"date":"2025-09-15T14:03:26","date_gmt":"2025-09-15T14:03:26","guid":{"rendered":"https:\/\/jairolibreros.com\/?p=4513"},"modified":"2025-09-17T13:54:48","modified_gmt":"2025-09-17T13:54:48","slug":"pese-a-lios-de-seguridad-y-fumigacion-aerea-gobierno-abre-millonaria-licitacion-para-erradicacion-manual-de-cultivos-ilicitos-con-civiles","status":"publish","type":"post","link":"https:\/\/jairolibreros.com\/?p=4513","title":{"rendered":"Pese a l\u00edos de seguridad y fumigaci\u00f3n a\u00e9rea, Gobierno abre millonaria licitaci\u00f3n para erradicaci\u00f3n manual de cultivos il\u00edcitos con civiles"},"content":{"rendered":"<p><span style=\"font-family: tahoma, arial, helvetica, sans-serif; font-size: 14pt;\"><strong>Pese a l\u00edos de seguridad y fumigaci\u00f3n a\u00e9rea, Gobierno abre millonaria licitaci\u00f3n para erradicaci\u00f3n manual de cultivos il\u00edcitos con civiles<\/strong><\/span><\/p>\n<p><span style=\"font-family: tahoma, arial, helvetica, sans-serif; font-size: 14pt;\"><em>El Tiempo \u00b7 Rafael Quintero \u00b7 15.09.2025<\/em><\/span><\/p>\n<p class=\"p1\" style=\"text-align: center;\"><span style=\"font-family: tahoma, arial, helvetica, sans-serif; font-size: 14pt;\"><strong>Antinarc\u00f3ticos pagar\u00e1 7 millones de pesos por hect\u00e1rea que eliminen los grupos de erradicadores. Adjudicaci\u00f3n del contrato ser\u00e1 el 30 de septiembre<\/strong><\/span><\/p>\n<p class=\"p1\"><span style=\"font-family: tahoma, arial, helvetica, sans-serif; font-size: 14pt;\">&#8220;<em>La crisis de seguridad y orden p\u00fablico, que no tiene visos de soluci\u00f3n en el corto plazo por falta de voluntad pol\u00edtica del Gobierno Nacional, es un escenario de riesgo extraordinario que compromete no s\u00f3lo la vida e integridad personal de los colombianos que residen en zonas con presencia de cultivos il\u00edcitos o de los uniformados de la Fuerza P\u00fablica, que padecen todos los d\u00edas el asedio de las estructuras armadas que utilizan drones y artefactos explosivos, as\u00ed como a comunidades instrumentalizadas para cercarlos criminalmente mediante asonadas y secuestros. <\/em><\/span><\/p>\n<p class=\"p1\"><span style=\"font-family: tahoma, arial, helvetica, sans-serif; font-size: 14pt;\"><em>En medio de ese panorama no tiene justificaci\u00f3n alguna una licitaci\u00f3n para contratar erradicadores manuales, como se se\u00f1ala en los t\u00e9rminos de la licitaci\u00f3n p\u00fablica, porque esa actividad trae consigo una carga de riesgo excepcional que ning\u00fan contratista civil debe soportar. <\/em><\/span><\/p>\n<p class=\"p1\"><span style=\"font-family: tahoma, arial, helvetica, sans-serif; font-size: 14pt;\"><em>En el primer incidente de seguridad personal que se presente, el Gobierno Nacional estar\u00e1 obligado a detener o suspender las actividades de erradicaci\u00f3n manual. Pero si eso es sabido, \u00bfpor qu\u00e9 realiz\u00e1 la licitaci\u00f3n? Quiz\u00e1, la explicaci\u00f3n m\u00e1s clara es que el objeto real no es la erradicaci\u00f3n, sino el proceso electoral del 2026. Con 56 mil millones de pesos se puede contratar muchas personas, erradicadores y votos<\/em>&#8220;: <strong>Jairo Libreros<\/strong>.<\/span><\/p>\n<p><span style=\"font-family: tahoma, arial, helvetica, sans-serif; font-size: 14pt;\">El link de El Tiempo:<\/span><\/p>\n<p><span style=\"font-family: tahoma, arial, helvetica, sans-serif; font-size: 14pt;\"><span style=\"text-decoration: underline;\"><a href=\"https:\/\/www.eltiempo.com\/datos\/exclusivo-pese-a-lios-de-seguridad-y-fumigacion-aerea-gobierno-abre-millonaria-licitacion-para-erradicacion-manual-de-coca-con-civiles-3490163\">https:\/\/www.eltiempo.com\/datos\/exclusivo-pese-a-lios-de-seguridad-y-fumigacion-aerea-gobierno-abre-millonaria-licitacion-para-erradicacion-manual-de-coca-con-civiles-3490163<\/a><\/span>\u00a0<\/span><\/p>\n<p style=\"text-align: right;\"><span style=\"text-decoration: underline; font-family: tahoma, arial, helvetica, sans-serif; font-size: 14pt;\"><a href=\"https:\/\/jairolibreros.com\/\"><strong>Blog de Jairo Libreros<\/strong><\/a><\/span><\/p>\n","protected":false},"excerpt":{"rendered":"<p>Pese a l\u00edos de seguridad y fumigaci\u00f3n a\u00e9rea, Gobierno abre millonaria licitaci\u00f3n para erradicaci\u00f3n manual de cultivos il\u00edcitos con civiles El Tiempo \u00b7 <\/p>\n","protected":false},"author":1,"featured_media":3288,"comment_status":"open","ping_status":"open","sticky":false,"template":"","format":"standard","meta":{"om_disable_all_campaigns":false,"_monsterinsights_skip_tracking":false,"_monsterinsights_sitenote_active":false,"_monsterinsights_sitenote_note":"","_monsterinsights_sitenote_category":0,"footnotes":""},"categories":[95,1],"tags":[44,90,39],"aioseo_notices":[],"class_list":["post-4513","post","type-post","status-publish","format-standard","has-post-thumbnail","hentry","category-el-tiempo","category-jairo-libreros","tag-elecciones","tag-seguridad-y-defensa-nacional","tag-seguridad-ciudadana"],"_links":{"self":[{"href":"https:\/\/jairolibreros.com\/index.php?rest_route=\/wp\/v2\/posts\/4513"}],"collection":[{"href":"https:\/\/jairolibreros.com\/index.php?rest_route=\/wp\/v2\/posts"}],"about":[{"href":"https:\/\/jairolibreros.com\/index.php?rest_route=\/wp\/v2\/types\/post"}],"author":[{"embeddable":true,"href":"https:\/\/jairolibreros.com\/index.php?rest_route=\/wp\/v2\/users\/1"}],"replies":[{"embeddable":true,"href":"https:\/\/jairolibreros.com\/index.php?rest_route=%2Fwp%2Fv2%2Fcomments&post=4513"}],"version-history":[{"count":3,"href":"https:\/\/jairolibreros.com\/index.php?rest_route=\/wp\/v2\/posts\/4513\/revisions"}],"predecessor-version":[{"id":4563,"href":"https:\/\/jairolibreros.com\/index.php?rest_route=\/wp\/v2\/posts\/4513\/revisions\/4563"}],"wp:featuredmedia":[{"embeddable":true,"href":"https:\/\/jairolibreros.com\/index.php?rest_route=\/wp\/v2\/media\/3288"}],"wp:attachment":[{"href":"https:\/\/jairolibreros.com\/index.php?rest_route=%2Fwp%2Fv2%2Fmedia&parent=4513"}],"wp:term":[{"taxonomy":"category","embeddable":true,"href":"https:\/\/jairolibreros.com\/index.php?rest_route=%2Fwp%2Fv2%2Fcategories&post=4513"},{"taxonomy":"post_tag","embeddable":true,"href":"https:\/\/jairolibreros.com\/index.php?rest_route=%2Fwp%2Fv2%2Ftags&post=4513"}],"curies":[{"name":"wp","href":"https:\/\/api.w.org\/{rel}","templated":true}]}}