{"id":4538,"date":"2025-09-16T20:17:13","date_gmt":"2025-09-16T20:17:13","guid":{"rendered":"https:\/\/jairolibreros.com\/?p=4538"},"modified":"2025-10-03T20:17:51","modified_gmt":"2025-10-03T20:17:51","slug":"soy-la-voz-de-quienes-veiamos-en-una-descertificacion-condicionada-en-la-lucha-contra-las-drogas-ilicitas-una-oportunidad-politica-para-limar-las-asperezas-con-eeuu","status":"publish","type":"post","link":"https:\/\/jairolibreros.com\/?p=4538","title":{"rendered":"Soy la voz de quienes ve\u00edamos en una descertificaci\u00f3n condicionada en la lucha contra las drogas il\u00edcitas una oportunidad pol\u00edtica para limar las asperezas con EEUU"},"content":{"rendered":"<p><span style=\"font-family: tahoma, arial, helvetica, sans-serif; font-size: 14pt;\"><strong>Soy la voz de quienes ve\u00edamos en una descertificaci\u00f3n condicionada en la lucha contra las drogas il\u00edcitas una oportunidad pol\u00edtica para limar las asperezas con EEUU<\/strong><\/span><\/p>\n<p><span style=\"font-family: tahoma, arial, helvetica, sans-serif; font-size: 14pt;\"><em><a class=\"css-4rbku5 css-18t94o4 css-901oao css-16my406 r-1cvl2hr r-1loqt21 r-poiln3 r-bcqeeo r-1ny4l3l r-1ddef8g r-tjvw6i r-qvutc0\" dir=\"ltr\" role=\"link\" href=\"https:\/\/twitter.com\/hashtag\/SoyLaVoz?src=hashtag_click\">#SoyLaVoz<\/a> \u00b7 6AM \u00b7 Caracol Radio \u00b7 16.09.2025<\/em><\/span><\/p>\n<!--[if lt IE 9]><script>document.createElement('audio');<\/script><![endif]-->\n<audio class=\"wp-audio-shortcode\" id=\"audio-4538-1\" preload=\"none\" style=\"width: 100%;\" controls=\"controls\"><source type=\"audio\/mpeg\" src=\"https:\/\/jairolibreros.com\/wp-content\/uploads\/2025\/09\/AUDIO-2025-09-15-23-36-02.m4a?_=1\" \/><a href=\"https:\/\/jairolibreros.com\/wp-content\/uploads\/2025\/09\/AUDIO-2025-09-15-23-36-02.m4a\">https:\/\/jairolibreros.com\/wp-content\/uploads\/2025\/09\/AUDIO-2025-09-15-23-36-02.m4a<\/a><\/audio>\n<p>&nbsp;<\/p>\n<p class=\"p1\"><span style=\"font-family: tahoma, arial, helvetica, sans-serif; font-size: 14pt;\">Hola, les habla <b>Jairo Libreros<\/b>, profesor de la Universidad Externado de Colombia, y soy la voz de quienes ve\u00edamos en una descertificaci\u00f3n condicionada en la lucha contra las drogas il\u00edcitas una oportunidad pol\u00edtica para limar las asperezas con EEUU.<\/span><\/p>\n<p class=\"p1\"><span style=\"font-family: tahoma, arial, helvetica, sans-serif; font-size: 14pt;\">El proceso de certificaci\u00f3n realizado por la Casa Blanca es odioso. Pero los gobiernos de Colombia saben que si acepta la asistencia t\u00e9cnica y financiera de la cooperaci\u00f3n norteamericana, se atienen a las consecuencias de lo pactado.<\/span><\/p>\n<p class=\"p1\"><span style=\"font-family: tahoma, arial, helvetica, sans-serif; font-size: 14pt;\">Los 450 millones de d\u00f3lares anuales de cooperaci\u00f3n bilateral no son gratuitos. El dinero entra a Colombia, y los EEUU espera que el liderazgo de la Casa de Nari\u00f1o sea consecuente con el desaf\u00edo compartido. Pero las cifras nacionales no son las mejores.<\/span><\/p>\n<p class=\"p1\"><span style=\"font-family: tahoma, arial, helvetica, sans-serif; font-size: 14pt;\">Seg\u00fan Naciones Unidas -en su \u00faltimo informe- dos de cada tres hect\u00e1reas sembradas de coca en el mundo se encuentra en Colombia, y dos de cada tres toneladas del alcaloide que circulan en el mundo son producidas en Colombia.<\/span><\/p>\n<p class=\"p1\"><span style=\"font-family: tahoma, arial, helvetica, sans-serif; font-size: 14pt;\">Y si esos indicadores no son claros para el presidente Gustavo Petro, entonces sumemos el fracaso de la paz total como pol\u00edtica p\u00fablica, que el memorando de la Casa Blanca lo definen as\u00ed: los intentos del mandatario colombiano por negociar con actores armados ilegales solo exacerbaron la crisis.<\/span><\/p>\n<p class=\"p1\"><span style=\"font-family: tahoma, arial, helvetica, sans-serif; font-size: 14pt;\">En conclusi\u00f3n, al buen entendedor, pocas palabras. Descertificaron sin sanciones al gobierno del cambio, y dejaron abierta una puerta para revertir la decisi\u00f3n. El problema consiste en que el presidente Petro azot\u00f3 esa misma puerta: anunci\u00f3 que las FFMM dejar\u00e1n a partir de hoy de depender del armamento de EEUU.<\/span><\/p>\n<p style=\"text-align: right;\"><span style=\"font-family: tahoma, arial, helvetica, sans-serif; font-size: 14pt;\"><a href=\"https:\/\/jairolibreros.com\/\"><strong><span style=\"text-decoration: underline;\">Blog de Jairo Libreros<\/span><\/strong><\/a><\/span><\/p>\n","protected":false},"excerpt":{"rendered":"<p>Soy la voz de quienes ve\u00edamos en una descertificaci\u00f3n condicionada en la lucha contra las drogas il\u00edcitas una oportunidad pol\u00edtica para limar las <\/p>\n","protected":false},"author":1,"featured_media":428,"comment_status":"open","ping_status":"open","sticky":false,"template":"","format":"standard","meta":{"om_disable_all_campaigns":false,"_monsterinsights_skip_tracking":false,"_monsterinsights_sitenote_active":false,"_monsterinsights_sitenote_note":"","_monsterinsights_sitenote_category":0,"footnotes":""},"categories":[94,1],"tags":[90,64],"aioseo_notices":[],"class_list":["post-4538","post","type-post","status-publish","format-standard","has-post-thumbnail","hentry","category-caracol-radio","category-jairo-libreros","tag-seguridad-y-defensa-nacional","tag-politica-internacional"],"_links":{"self":[{"href":"https:\/\/jairolibreros.com\/index.php?rest_route=\/wp\/v2\/posts\/4538"}],"collection":[{"href":"https:\/\/jairolibreros.com\/index.php?rest_route=\/wp\/v2\/posts"}],"about":[{"href":"https:\/\/jairolibreros.com\/index.php?rest_route=\/wp\/v2\/types\/post"}],"author":[{"embeddable":true,"href":"https:\/\/jairolibreros.com\/index.php?rest_route=\/wp\/v2\/users\/1"}],"replies":[{"embeddable":true,"href":"https:\/\/jairolibreros.com\/index.php?rest_route=%2Fwp%2Fv2%2Fcomments&post=4538"}],"version-history":[{"count":2,"href":"https:\/\/jairolibreros.com\/index.php?rest_route=\/wp\/v2\/posts\/4538\/revisions"}],"predecessor-version":[{"id":4560,"href":"https:\/\/jairolibreros.com\/index.php?rest_route=\/wp\/v2\/posts\/4538\/revisions\/4560"}],"wp:featuredmedia":[{"embeddable":true,"href":"https:\/\/jairolibreros.com\/index.php?rest_route=\/wp\/v2\/media\/428"}],"wp:attachment":[{"href":"https:\/\/jairolibreros.com\/index.php?rest_route=%2Fwp%2Fv2%2Fmedia&parent=4538"}],"wp:term":[{"taxonomy":"category","embeddable":true,"href":"https:\/\/jairolibreros.com\/index.php?rest_route=%2Fwp%2Fv2%2Fcategories&post=4538"},{"taxonomy":"post_tag","embeddable":true,"href":"https:\/\/jairolibreros.com\/index.php?rest_route=%2Fwp%2Fv2%2Ftags&post=4538"}],"curies":[{"name":"wp","href":"https:\/\/api.w.org\/{rel}","templated":true}]}}