{"id":4541,"date":"2025-09-17T13:30:29","date_gmt":"2025-09-17T13:30:29","guid":{"rendered":"https:\/\/jairolibreros.com\/?p=4541"},"modified":"2025-10-19T18:37:17","modified_gmt":"2025-10-19T18:37:17","slug":"descertificacion-antidrogas-a-colombia-deja-en-cuidados-intensivos-la-relacion-con-eeuu","status":"publish","type":"post","link":"https:\/\/jairolibreros.com\/?p=4541","title":{"rendered":"Descertificaci\u00f3n antidrogas a Colombia deja en cuidados intensivos la relaci\u00f3n con EEUU"},"content":{"rendered":"<p><span style=\"font-family: tahoma, arial, helvetica, sans-serif; font-size: 14pt;\"><strong>Descertificaci\u00f3n antidrogas a Colombia deja en cuidados intensivos la relaci\u00f3n con EEUU<\/strong><\/span><\/p>\n<p><span style=\"font-family: tahoma, arial, helvetica, sans-serif; font-size: 14pt;\"><em><span class=\"s1\">Bloomberg \u2022 Mar\u00eda Camila Su\u00e1rez \u2022 17.09.2025<\/span><\/em><\/span><\/p>\n<p class=\"p1\" style=\"text-align: center;\"><span style=\"font-family: tahoma, arial, helvetica, sans-serif; font-size: 14pt;\"><strong>Expertos se\u00f1alan que las consecuencias inmediatas para Colombia son deterioro diplom\u00e1tico y da\u00f1o reputacional ante los mercados internacionales<\/strong><\/span><\/p>\n<p class=\"p1\"><span style=\"font-family: tahoma, arial, helvetica, sans-serif; font-size: 14pt;\">Bloomberg L\u00ednea \u2014 La descertificaci\u00f3n antidrogas para Colombia no es el peor escenario posible debido a que el gobierno de E.E.UU. no impuso restricciones, ni sanciones econ\u00f3micas,\u00a0pero la decisi\u00f3n s\u00ed genera consecuencias inmediatas: deterioro diplom\u00e1tico de la relaci\u00f3n bilateral y da\u00f1o reputacional ante los mercados internacionales.<\/span><\/p>\n<p class=\"p1\"><span style=\"font-family: tahoma, arial, helvetica, sans-serif; font-size: 14pt;\"><b>\u201cLa relaci\u00f3n bilateral entre la Casa de Nari\u00f1o y la Casa blanca est\u00e1 rota\u201d<\/b>, dijo a\u00a0<i>Bloomberg L\u00ednea<\/i>\u00a0<strong>Jairo Libreros, analista internacional experto en seguridad y defensa<\/strong><b>.<\/b>\u00a0\u201cEst\u00e1 claro que Estados Unidos le adjudica toda y la \u00fanica responsabilidad a<\/span><\/p>\n<p class=\"p1\"><span style=\"font-family: tahoma, arial, helvetica, sans-serif; font-size: 14pt;\"><strong>Libreros<\/strong> dice que se debe tener en cuenta que\u00a0<b>la recuperaci\u00f3n de la relaci\u00f3n ahora demanda un trabajo pol\u00edtico y diplom\u00e1tico de alto nivel.\u00a0<\/b>\u201cSi la respuesta de la Casa de Nari\u00f1o no es asertiva, no busca nuevas oportunidades y corregir el rumbo, en cualquier momento se puede revertir para mal esa decisi\u00f3n\u201d, dijo.<\/span><\/p>\n<p><iframe hcb-fetch-image-from=\"https:\/\/open.spotify.com\/episode\/23iEf8ANt7rzKt99UuT09z?si=N3DZAQ03QwyXBq6wChmqMw\" title=\"Spotify Embed: Descertificaci\u00f3n antidrogas: consecuencias diplom\u00e1ticas y de reputaci\u00f3n en mercados internacionales \" style=\"border-radius: 12px\" width=\"100%\" height=\"152\" frameborder=\"0\" allowfullscreen allow=\"autoplay; clipboard-write; encrypted-media; fullscreen; picture-in-picture\" loading=\"lazy\" src=\"https:\/\/open.spotify.com\/embed\/episode\/23iEf8ANt7rzKt99UuT09z?si=N3DZAQ03QwyXBq6wChmqMw&#038;utm_source=oembed\"><\/iframe><\/p>\n<p><span style=\"font-family: tahoma, arial, helvetica, sans-serif; font-size: 14pt;\">El link de Bloomberg con el an\u00e1lisis es el siguiente:<\/span><\/p>\n<p><span style=\"font-family: tahoma, arial, helvetica, sans-serif; font-size: 14pt;\"><span style=\"text-decoration: underline;\"><a href=\"https:\/\/www.bloomberglinea.com\/latinoamerica\/colombia\/descertificacion-antidrogas-a-colombia-deja-en-cuidados-intensivos-la-relacion-con-eeuu\/\">https:\/\/www.bloomberglinea.com\/latinoamerica\/colombia\/descertificacion-antidrogas-a-colombia-deja-en-cuidados-intensivos-la-relacion-con-eeuu\/<\/a><\/span>\u00a0<\/span><\/p>\n<p style=\"text-align: right;\"><span style=\"text-decoration: underline; font-family: tahoma, arial, helvetica, sans-serif; font-size: 14pt;\"><a href=\"https:\/\/jairolibreros.com\/\"><strong>Blog de Jairo Libreros<\/strong><\/a><\/span><\/p>\n","protected":false},"excerpt":{"rendered":"<p>Descertificaci\u00f3n antidrogas a Colombia deja en cuidados intensivos la relaci\u00f3n con EEUU Bloomberg \u2022 Mar\u00eda Camila Su\u00e1rez \u2022 17.09.2025 Expertos se\u00f1alan que las <\/p>\n","protected":false},"author":1,"featured_media":425,"comment_status":"open","ping_status":"open","sticky":false,"template":"","format":"standard","meta":{"om_disable_all_campaigns":false,"_monsterinsights_skip_tracking":false,"_monsterinsights_sitenote_active":false,"_monsterinsights_sitenote_note":"","_monsterinsights_sitenote_category":0,"footnotes":""},"categories":[1,96],"tags":[54,90,64],"aioseo_notices":[],"class_list":["post-4541","post","type-post","status-publish","format-standard","has-post-thumbnail","hentry","category-jairo-libreros","category-universidad-externado","tag-comunicacion-politica","tag-seguridad-y-defensa-nacional","tag-politica-internacional"],"_links":{"self":[{"href":"https:\/\/jairolibreros.com\/index.php?rest_route=\/wp\/v2\/posts\/4541"}],"collection":[{"href":"https:\/\/jairolibreros.com\/index.php?rest_route=\/wp\/v2\/posts"}],"about":[{"href":"https:\/\/jairolibreros.com\/index.php?rest_route=\/wp\/v2\/types\/post"}],"author":[{"embeddable":true,"href":"https:\/\/jairolibreros.com\/index.php?rest_route=\/wp\/v2\/users\/1"}],"replies":[{"embeddable":true,"href":"https:\/\/jairolibreros.com\/index.php?rest_route=%2Fwp%2Fv2%2Fcomments&post=4541"}],"version-history":[{"count":2,"href":"https:\/\/jairolibreros.com\/index.php?rest_route=\/wp\/v2\/posts\/4541\/revisions"}],"predecessor-version":[{"id":4544,"href":"https:\/\/jairolibreros.com\/index.php?rest_route=\/wp\/v2\/posts\/4541\/revisions\/4544"}],"wp:featuredmedia":[{"embeddable":true,"href":"https:\/\/jairolibreros.com\/index.php?rest_route=\/wp\/v2\/media\/425"}],"wp:attachment":[{"href":"https:\/\/jairolibreros.com\/index.php?rest_route=%2Fwp%2Fv2%2Fmedia&parent=4541"}],"wp:term":[{"taxonomy":"category","embeddable":true,"href":"https:\/\/jairolibreros.com\/index.php?rest_route=%2Fwp%2Fv2%2Fcategories&post=4541"},{"taxonomy":"post_tag","embeddable":true,"href":"https:\/\/jairolibreros.com\/index.php?rest_route=%2Fwp%2Fv2%2Ftags&post=4541"}],"curies":[{"name":"wp","href":"https:\/\/api.w.org\/{rel}","templated":true}]}}