{"id":4565,"date":"2025-09-17T15:06:58","date_gmt":"2025-09-17T15:06:58","guid":{"rendered":"https:\/\/jairolibreros.com\/?p=4565"},"modified":"2025-09-17T15:06:58","modified_gmt":"2025-09-17T15:06:58","slug":"por-que-peso-la-negativa-de-la-extradicion-de-capos-a-ee-uu-en-la-decision-de-descertificar-a-colombia","status":"publish","type":"post","link":"https:\/\/jairolibreros.com\/?p=4565","title":{"rendered":"\u00bfPor qu\u00e9 pes\u00f3 la negativa de la extradici\u00f3n de capos a EE. UU. en la decisi\u00f3n de descertificar a Colombia?"},"content":{"rendered":"<p><span style=\"font-family: tahoma, arial, helvetica, sans-serif; font-size: 14pt;\"><strong>\u00bfPor qu\u00e9 pes\u00f3 la negativa de la extradici\u00f3n de capos a EE. UU. en la decisi\u00f3n de descertificar a Colombia?<\/strong><\/span><\/p>\n<p><span style=\"font-family: tahoma, arial, helvetica, sans-serif; font-size: 14pt;\"><em>El Tiempo \u00b7 Sara Quevedo \u00b7 17.09.2025<\/em><\/span><\/p>\n<p class=\"p1\" style=\"text-align: center;\"><span style=\"font-family: tahoma, arial, helvetica, sans-serif; font-size: 14pt;\"><strong>Uno de los cinco puntos que delimit\u00f3 el documento abord\u00f3 la reticencia del gobierno Petro a enviar a cabecillas a las cortes norteamericanas<\/strong><\/span><\/p>\n<p class=\"p1\"><span style=\"font-family: tahoma, arial, helvetica, sans-serif; font-size: 14pt;\">El analista <b>Jairo Libreros<\/b>, por su parte, asegur\u00f3 que esta <b>&#8216;espina&#8217; gener\u00f3 molestia en EE. UU. &#8220;porque quienes representan el liderazgo de estas estructuras criminales est\u00e1n involucrados en el narcotr\u00e1fico<\/b>, en la explotaci\u00f3n de rentas il\u00edcitas y en la comisi\u00f3n de delitos como el homicidio, el secuestro y la extorsi\u00f3n. Sus liderazgos no est\u00e1n relacionados con actividades de insurgencia ni con cambio pol\u00edtico. Son delincuentes y, como consecuencia, susceptibles de ser extraditados&#8221;.<\/span><\/p>\n<p><span style=\"font-family: tahoma, arial, helvetica, sans-serif; font-size: 14pt;\">El link de El Tiempo:<\/span><\/p>\n<p><span style=\"font-family: tahoma, arial, helvetica, sans-serif; font-size: 14pt;\"><span style=\"text-decoration: underline;\"><a href=\"https:\/\/www.eltiempo.com\/justicia\/conflicto-y-narcotrafico\/por-que-peso-la-negativa-de-la-extradicion-de-capos-a-ee-uu-en-la-decision-de-descertificar-a-colombia-3491191\">https:\/\/www.eltiempo.com\/justicia\/conflicto-y-narcotrafico\/por-que-peso-la-negativa-de-la-extradicion-de-capos-a-ee-uu-en-la-decision-de-descertificar-a-colombia-3491191<\/a><\/span>\u00a0<\/span><\/p>\n<p style=\"text-align: right;\"><span style=\"text-decoration: underline; font-family: tahoma, arial, helvetica, sans-serif; font-size: 14pt;\"><a href=\"https:\/\/jairolibreros.com\/\"><strong>Blog de Jairo Libreros<\/strong><\/a><\/span><\/p>\n","protected":false},"excerpt":{"rendered":"<p>\u00bfPor qu\u00e9 pes\u00f3 la negativa de la extradici\u00f3n de capos a EE. UU. en la decisi\u00f3n de descertificar a Colombia? El Tiempo \u00b7 <\/p>\n","protected":false},"author":1,"featured_media":4534,"comment_status":"open","ping_status":"open","sticky":false,"template":"","format":"standard","meta":{"om_disable_all_campaigns":false,"_monsterinsights_skip_tracking":false,"_monsterinsights_sitenote_active":false,"_monsterinsights_sitenote_note":"","_monsterinsights_sitenote_category":0,"footnotes":""},"categories":[95,1],"tags":[90,64],"aioseo_notices":[],"class_list":["post-4565","post","type-post","status-publish","format-standard","has-post-thumbnail","hentry","category-el-tiempo","category-jairo-libreros","tag-seguridad-y-defensa-nacional","tag-politica-internacional"],"_links":{"self":[{"href":"https:\/\/jairolibreros.com\/index.php?rest_route=\/wp\/v2\/posts\/4565"}],"collection":[{"href":"https:\/\/jairolibreros.com\/index.php?rest_route=\/wp\/v2\/posts"}],"about":[{"href":"https:\/\/jairolibreros.com\/index.php?rest_route=\/wp\/v2\/types\/post"}],"author":[{"embeddable":true,"href":"https:\/\/jairolibreros.com\/index.php?rest_route=\/wp\/v2\/users\/1"}],"replies":[{"embeddable":true,"href":"https:\/\/jairolibreros.com\/index.php?rest_route=%2Fwp%2Fv2%2Fcomments&post=4565"}],"version-history":[{"count":1,"href":"https:\/\/jairolibreros.com\/index.php?rest_route=\/wp\/v2\/posts\/4565\/revisions"}],"predecessor-version":[{"id":4566,"href":"https:\/\/jairolibreros.com\/index.php?rest_route=\/wp\/v2\/posts\/4565\/revisions\/4566"}],"wp:featuredmedia":[{"embeddable":true,"href":"https:\/\/jairolibreros.com\/index.php?rest_route=\/wp\/v2\/media\/4534"}],"wp:attachment":[{"href":"https:\/\/jairolibreros.com\/index.php?rest_route=%2Fwp%2Fv2%2Fmedia&parent=4565"}],"wp:term":[{"taxonomy":"category","embeddable":true,"href":"https:\/\/jairolibreros.com\/index.php?rest_route=%2Fwp%2Fv2%2Fcategories&post=4565"},{"taxonomy":"post_tag","embeddable":true,"href":"https:\/\/jairolibreros.com\/index.php?rest_route=%2Fwp%2Fv2%2Ftags&post=4565"}],"curies":[{"name":"wp","href":"https:\/\/api.w.org\/{rel}","templated":true}]}}