{"id":464,"date":"2022-05-18T01:10:41","date_gmt":"2022-05-18T01:10:41","guid":{"rendered":"https:\/\/jairolibreros.com\/?p=464"},"modified":"2025-09-06T22:43:19","modified_gmt":"2025-09-06T22:43:19","slug":"seguridad-ff-mm-y-policia-las-dificultades-para-garantizar-confianza","status":"publish","type":"post","link":"https:\/\/jairolibreros.com\/?p=464","title":{"rendered":"Seguridad, FF.MM y Polic\u00eda: las dificultades para garantizar confianza"},"content":{"rendered":"<p><span style=\"font-size: 14pt;\"><strong>Seguridad, FF.MM y Polic\u00eda: las dificultades para garantizar confianza<\/strong><\/span><\/p>\n<p><span style=\"font-size: 14pt;\"><strong>Jairo Libreros<\/strong>, panelista Hora20 de Caracol Radio: \u201cNo se trata de lanzar a Polic\u00edas para que cumplan actividades por semanas o meses, se requiere presencia permanente de las unidades policiales. Es necesario volver a la apropiaci\u00f3n del espacio p\u00fablico\u201d<\/span><\/p>\n<blockquote hcb-fetch-image-from=\"https:\/\/twitter.com\/Hora20\/status\/1509696869752098818?s=20&amp;t=Krpj1LMY55xfRURXvErl6w\" class=\"twitter-tweet\" data-width=\"550\" data-dnt=\"true\">\n<p lang=\"es\" dir=\"ltr\"><a href=\"https:\/\/twitter.com\/hashtag\/Hora20?src=hash&amp;ref_src=twsrc%5Etfw\">#Hora20<\/a> | \u201cEs muy preocupante que hemos perdido el control del espacio p\u00fablico y lo gan\u00f3 la delincuencia. Esto por el confinamiento y por lo que se ha denominada en Am\u00e9rica Latina: el estallido social\u201d, <a href=\"https:\/\/twitter.com\/JairoLibreros?ref_src=twsrc%5Etfw\">@JairoLibreros<\/a> \u25b6\ufe0f <a href=\"https:\/\/t.co\/RlsJ1AqoGR\">https:\/\/t.co\/RlsJ1AqoGR<\/a> <a href=\"https:\/\/t.co\/HvhOUGdYzE\">pic.twitter.com\/HvhOUGdYzE<\/a><\/p>\n<p>&mdash; Hora 20 (@Hora20) <a href=\"https:\/\/twitter.com\/Hora20\/status\/1509696869752098818?ref_src=twsrc%5Etfw\">April 1, 2022<\/a><\/p><\/blockquote>\n<p><script async src=\"https:\/\/platform.twitter.com\/widgets.js\" charset=\"utf-8\"><\/script><\/p>\n<p><span style=\"font-size: 14pt;\">Panelistas consideran que, ante desconfianza en instituciones, es complejo garantizar operatividad de las fuerzas del orden tanto en las zonas rurales<\/span><\/p>\n<blockquote hcb-fetch-image-from=\"https:\/\/twitter.com\/Hora20\/status\/1509703178891235328?s=20&amp;t=Krpj1LMY55xfRURXvErl6w\" class=\"twitter-tweet\" data-width=\"550\" data-dnt=\"true\">\n<p lang=\"es\" dir=\"ltr\"><a href=\"https:\/\/twitter.com\/hashtag\/Hora20?src=hash&amp;ref_src=twsrc%5Etfw\">#Hora20<\/a> | \u201cSeguimos con problemas de evaluaci\u00f3n de la informaci\u00f3n de inteligencia. Se debe calificar al exactitud de la informaci\u00f3n, si eso no se calibra, independientemente de las dificultades, no se puede adelantar la operaci\u00f3n\u201d, <a href=\"https:\/\/twitter.com\/JairoLibreros?ref_src=twsrc%5Etfw\">@JairoLibreros<\/a> \u25b6\ufe0f <a href=\"https:\/\/t.co\/RlsJ1AqoGR\">https:\/\/t.co\/RlsJ1AqoGR<\/a> <a href=\"https:\/\/t.co\/AoNl7QuvXS\">pic.twitter.com\/AoNl7QuvXS<\/a><\/p>\n<p>&mdash; Hora 20 (@Hora20) <a href=\"https:\/\/twitter.com\/Hora20\/status\/1509703178891235328?ref_src=twsrc%5Etfw\">April 1, 2022<\/a><\/p><\/blockquote>\n<p><script async src=\"https:\/\/platform.twitter.com\/widgets.js\" charset=\"utf-8\"><\/script><\/p>\n<p class=\"x_MsoNormal\"><span style=\"font-size: 14pt;\"><strong><span lang=\"ES-TRAD\" xml:lang=\"ES-TRAD\">Jairo Libretos, experto en seguridad, abogado y profesor universitario,<\/span><\/strong>\u00a0<span lang=\"ES-TRAD\" xml:lang=\"ES-TRAD\">se\u00f1al\u00f3 que se ha perdido el control de espacio p\u00fablico y que a su vez la delincuencia y el crimen organizado han ganado ese terreno, \u201cno es solo vigilancia de Polic\u00eda, son necesarias otras actividades de intervenci\u00f3n de la Alcald\u00eda\u201d, en lo que agrega que tambi\u00e9n se evidencia un corto circuito entre la confianza de las autoridades y la ciudadan\u00eda, pues cree que hace falta inteligencia para tomar mejores decisiones de pol\u00edtica p\u00fablica en beneficio de la ciudadan\u00eda para que se d\u00e9 construcci\u00f3n de la confianza que se ha perdido.<\/span><\/span><\/p>\n<p class=\"x_MsoNormal\"><span lang=\"ES-TRAD\" style=\"font-size: 14pt;\" xml:lang=\"ES-TRAD\">Frente a las dudas de la operaci\u00f3n militar en Putumayo, coment\u00f3 que no se ha ajustado suficiente la inteligencia, pues recuerda que sin exactitud de informaci\u00f3n no se puede adelantar alguna operaci\u00f3n o un bombardeo. Por \u00faltimo, critic\u00f3 que ante la responsabilidad operacional, y la trasparencia, los funcionarios del Ministerio deber\u00edan conjugar el verbo renunciar en t\u00e9rminos pol\u00edticos.<\/span><\/p>\n<p><iframe hcb-fetch-image-from=\"https:\/\/youtu.be\/ECOFu_6AcVI\" title=\"HORA 20 | Las dudas sobre la muerte de civiles en operativo militar\" width=\"640\" height=\"360\" src=\"https:\/\/www.youtube.com\/embed\/ECOFu_6AcVI?feature=oembed\" frameborder=\"0\" allow=\"accelerometer; autoplay; clipboard-write; encrypted-media; gyroscope; picture-in-picture; web-share\" referrerpolicy=\"strict-origin-when-cross-origin\" allowfullscreen><\/iframe><\/p>\n","protected":false},"excerpt":{"rendered":"<p>Seguridad, FF.MM y Polic\u00eda: las dificultades para garantizar confianza Jairo Libreros, panelista Hora20 de Caracol Radio: \u201cNo se trata de lanzar a Polic\u00edas <\/p>\n","protected":false},"author":1,"featured_media":428,"comment_status":"open","ping_status":"open","sticky":false,"template":"","format":"standard","meta":{"om_disable_all_campaigns":false,"_monsterinsights_skip_tracking":false,"_monsterinsights_sitenote_active":false,"_monsterinsights_sitenote_note":"","_monsterinsights_sitenote_category":0,"footnotes":""},"categories":[94,1],"tags":[54,90,97,53,39],"aioseo_notices":[],"class_list":["post-464","post","type-post","status-publish","format-standard","has-post-thumbnail","hentry","category-caracol-radio","category-jairo-libreros","tag-comunicacion-politica","tag-seguridad-y-defensa-nacional","tag-inteligencia-estrategica","tag-politicas-publicas","tag-seguridad-ciudadana"],"_links":{"self":[{"href":"https:\/\/jairolibreros.com\/index.php?rest_route=\/wp\/v2\/posts\/464"}],"collection":[{"href":"https:\/\/jairolibreros.com\/index.php?rest_route=\/wp\/v2\/posts"}],"about":[{"href":"https:\/\/jairolibreros.com\/index.php?rest_route=\/wp\/v2\/types\/post"}],"author":[{"embeddable":true,"href":"https:\/\/jairolibreros.com\/index.php?rest_route=\/wp\/v2\/users\/1"}],"replies":[{"embeddable":true,"href":"https:\/\/jairolibreros.com\/index.php?rest_route=%2Fwp%2Fv2%2Fcomments&post=464"}],"version-history":[{"count":6,"href":"https:\/\/jairolibreros.com\/index.php?rest_route=\/wp\/v2\/posts\/464\/revisions"}],"predecessor-version":[{"id":2030,"href":"https:\/\/jairolibreros.com\/index.php?rest_route=\/wp\/v2\/posts\/464\/revisions\/2030"}],"wp:featuredmedia":[{"embeddable":true,"href":"https:\/\/jairolibreros.com\/index.php?rest_route=\/wp\/v2\/media\/428"}],"wp:attachment":[{"href":"https:\/\/jairolibreros.com\/index.php?rest_route=%2Fwp%2Fv2%2Fmedia&parent=464"}],"wp:term":[{"taxonomy":"category","embeddable":true,"href":"https:\/\/jairolibreros.com\/index.php?rest_route=%2Fwp%2Fv2%2Fcategories&post=464"},{"taxonomy":"post_tag","embeddable":true,"href":"https:\/\/jairolibreros.com\/index.php?rest_route=%2Fwp%2Fv2%2Ftags&post=464"}],"curies":[{"name":"wp","href":"https:\/\/api.w.org\/{rel}","templated":true}]}}