{"id":4669,"date":"2025-09-20T20:15:54","date_gmt":"2025-09-20T20:15:54","guid":{"rendered":"https:\/\/jairolibreros.com\/?p=4669"},"modified":"2025-09-20T20:15:54","modified_gmt":"2025-09-20T20:15:54","slug":"cooperacion-militar-en-suspenso-la-tension-ante-el-anuncio-del-gobierno-petro-de-buscar-una-independencia-armamentistica-de-eeuu","status":"publish","type":"post","link":"https:\/\/jairolibreros.com\/?p=4669","title":{"rendered":"Cooperaci\u00f3n militar en suspenso: la tensi\u00f3n ante el anuncio del gobierno Petro de buscar una &#8216;independencia&#8217; armament\u00edstica de EEUU"},"content":{"rendered":"<p><span style=\"font-family: tahoma, arial, helvetica, sans-serif; font-size: 14pt;\"><strong>Cooperaci\u00f3n militar en suspenso: la tensi\u00f3n ante el anuncio del gobierno Petro de buscar una &#8216;independencia&#8217; armament\u00edstica de EEUU<\/strong><\/span><\/p>\n<p class=\"p1\"><span style=\"font-family: tahoma, arial, helvetica, sans-serif; font-size: 14pt;\"><em>El Tiempo \u00b7 Jes\u00fas Blanquicet \u00b7 20.09.2025<\/em><\/span><\/p>\n<p class=\"p1\" style=\"text-align: center;\"><span style=\"font-family: tahoma, arial, helvetica, sans-serif; font-size: 14pt;\"><strong>Sin acceso a armas de Israel y con una industria local a\u00fan limitada, las alternativas apuntan a fortalecer Indumil, Cotecmar y Ciac<\/strong><\/span><\/p>\n<p class=\"p1\"><span style=\"font-size: 14pt; font-family: tahoma, arial, helvetica, sans-serif;\"><b>\u00bfQu\u00e9 implicaciones tendr\u00eda romper con esa cooperaci\u00f3n militar con EEUU?<\/b><\/span><\/p>\n<p class=\"p1\"><em><span style=\"font-size: 14pt; font-family: tahoma, arial, helvetica, sans-serif;\">En pocas palabras es renunciar al acceso a equipamientos militares de alta tecnolog\u00eda que EEUU, el principal socio estrat\u00e9gico de Colombia, le ha entregado a Colombia, v\u00eda asistencia t\u00e9cnica. EEUU ha jugado un papel determinante en el fortalecimiento de las capacidades militares y policiales de Colombia, y cerrar esa ventana de cooperaci\u00f3n es un acto de irresponsabilidad del presidente Gustavo Petro, porque seg\u00fan su criterio, sin estudios especializados ni planeaci\u00f3n alguna conocida, deja a Colombia en el corto plazo en una posici\u00f3n de vulnerabilidad, que comprometer\u00eda la seguridad nacional de no revertirse esa decisi\u00f3n apresurada de pol\u00edtica p\u00fablica.<\/span><\/em><\/p>\n<p class=\"p1\"><em><span style=\"font-size: 14pt; font-family: tahoma, arial, helvetica, sans-serif;\">Hablamos de capacidades en armamento de combate -t\u00e1cticas y operacionales-, capacidades en inteligencia -sistemas de monitoreo, interceptaci\u00f3n de comunicaciones y plataformas de ciberseguridad y ciberdefensa-, y entrenamiento en seguridad y defensa nacional, entre otros asuntos.<\/span><\/em><\/p>\n<p class=\"p1\"><span style=\"font-size: 14pt; font-family: tahoma, arial, helvetica, sans-serif;\"><b>\u00bfQu\u00e9 alternativa se tendr\u00eda, teniendo en cuenta que el gobierno tampoco quiere comprar armas a Israel?<\/b><\/span><\/p>\n<p class=\"p1\"><em><span style=\"font-size: 14pt; font-family: tahoma, arial, helvetica, sans-serif;\">El acceso al armamento israel\u00ed est\u00e1 cerrado. Es una decisi\u00f3n del presidente Petro, pero a nivel internacional tambi\u00e9n se ha restringido ese mercado por cuenta de vetos que han impuesto otros gobiernos nacionales ante la destrucci\u00f3n de Gaza. Por ello, se debe buscar otros mercados institucionales de armas que tengan el sello OTAN, esto es, tecnolog\u00eda y equipamiento militar que empleen Fuerzas Armadas de Estados miembros de la OTAN.<\/span><\/em><\/p>\n<p class=\"p1\"><em><span style=\"font-size: 14pt; font-family: tahoma, arial, helvetica, sans-serif;\">Por citar algunos mercados, se puede tocar las puertas de Canad\u00e1, Reino Unido, Francia y Suecia, de donde llegar\u00e1n los aviones caza SAAB Gripen. Sin embargo, es necesario aclarar que EEUU es el gran proveedor de armamento -tecnolog\u00eda, equipos y sistemas- de la OTAN. Y si llegamos a una situaci\u00f3n cr\u00edtica con EEUU en medio de la descertificaci\u00f3n y se materializan las sanciones contra Colombia, esos mercados OTAN se cerrar\u00edan para nuestro pa\u00eds, y ah\u00ed la suerte es a otro precio.<\/span><\/em><\/p>\n<p class=\"p1\"><span style=\"font-size: 14pt; font-family: tahoma, arial, helvetica, sans-serif;\"><b>\u00bfSi podr\u00eda Colombia ser autosuficiente en este aspecto?<\/b><\/span><\/p>\n<p class=\"p1\"><em><span style=\"font-size: 14pt; font-family: tahoma, arial, helvetica, sans-serif;\">No somos autosuficientes. Los avances de Colombia en investigaci\u00f3n y desarrollos tecnol\u00f3gicos en seguridad y defensa nacional son relevantes, y reconocidos por las fuerzas militares y de polic\u00eda de otras naciones. Pero en un mundo interconectado con base en alianzas militares la cooperaci\u00f3n es vital para asegurar la sostenibilidad de esos procesos. Necesitamos licencias, sistemas e intercambios de pares investigadores para mantener nuestros avances en armamento.<\/span><\/em><\/p>\n<p><span style=\"font-size: 14pt; font-family: tahoma, arial, helvetica, sans-serif;\">El link de El Tiempo es el siguiente:<\/span><\/p>\n<p><span style=\"font-family: tahoma, arial, helvetica, sans-serif; font-size: 14pt;\"><span style=\"text-decoration: underline;\"><a href=\"https:\/\/www.eltiempo.com\/justicia\/conflicto-y-narcotrafico\/cooperacion-militar-en-suspenso-la-tension-ante-el-anuncio-del-gobierno-petro-de-buscar-una-independencia-armamentistica-de-ee-uu-3492497\">https:\/\/www.eltiempo.com\/justicia\/conflicto-y-narcotrafico\/cooperacion-militar-en-suspenso-la-tension-ante-el-anuncio-del-gobierno-petro-de-buscar-una-independencia-armamentistica-de-ee-uu-3492497<\/a><\/span>\u00a0<\/span><\/p>\n<p style=\"text-align: right;\"><span style=\"text-decoration: underline; font-size: 14pt; font-family: tahoma, arial, helvetica, sans-serif;\"><a href=\"https:\/\/jairolibreros.com\/\"><strong>Blog de Jairo Libreros<\/strong><\/a><\/span><\/p>\n","protected":false},"excerpt":{"rendered":"<p>Cooperaci\u00f3n militar en suspenso: la tensi\u00f3n ante el anuncio del gobierno Petro de buscar una &#8216;independencia&#8217; armament\u00edstica de EEUU El Tiempo \u00b7 Jes\u00fas <\/p>\n","protected":false},"author":1,"featured_media":4671,"comment_status":"open","ping_status":"open","sticky":false,"template":"","format":"standard","meta":{"om_disable_all_campaigns":false,"_monsterinsights_skip_tracking":false,"_monsterinsights_sitenote_active":false,"_monsterinsights_sitenote_note":"","_monsterinsights_sitenote_category":0,"footnotes":""},"categories":[95,1],"tags":[54,90,97,64],"aioseo_notices":[],"class_list":["post-4669","post","type-post","status-publish","format-standard","has-post-thumbnail","hentry","category-el-tiempo","category-jairo-libreros","tag-comunicacion-politica","tag-seguridad-y-defensa-nacional","tag-inteligencia-estrategica","tag-politica-internacional"],"_links":{"self":[{"href":"https:\/\/jairolibreros.com\/index.php?rest_route=\/wp\/v2\/posts\/4669"}],"collection":[{"href":"https:\/\/jairolibreros.com\/index.php?rest_route=\/wp\/v2\/posts"}],"about":[{"href":"https:\/\/jairolibreros.com\/index.php?rest_route=\/wp\/v2\/types\/post"}],"author":[{"embeddable":true,"href":"https:\/\/jairolibreros.com\/index.php?rest_route=\/wp\/v2\/users\/1"}],"replies":[{"embeddable":true,"href":"https:\/\/jairolibreros.com\/index.php?rest_route=%2Fwp%2Fv2%2Fcomments&post=4669"}],"version-history":[{"count":3,"href":"https:\/\/jairolibreros.com\/index.php?rest_route=\/wp\/v2\/posts\/4669\/revisions"}],"predecessor-version":[{"id":4674,"href":"https:\/\/jairolibreros.com\/index.php?rest_route=\/wp\/v2\/posts\/4669\/revisions\/4674"}],"wp:featuredmedia":[{"embeddable":true,"href":"https:\/\/jairolibreros.com\/index.php?rest_route=\/wp\/v2\/media\/4671"}],"wp:attachment":[{"href":"https:\/\/jairolibreros.com\/index.php?rest_route=%2Fwp%2Fv2%2Fmedia&parent=4669"}],"wp:term":[{"taxonomy":"category","embeddable":true,"href":"https:\/\/jairolibreros.com\/index.php?rest_route=%2Fwp%2Fv2%2Fcategories&post=4669"},{"taxonomy":"post_tag","embeddable":true,"href":"https:\/\/jairolibreros.com\/index.php?rest_route=%2Fwp%2Fv2%2Ftags&post=4669"}],"curies":[{"name":"wp","href":"https:\/\/api.w.org\/{rel}","templated":true}]}}