{"id":4695,"date":"2025-09-24T14:04:31","date_gmt":"2025-09-24T14:04:31","guid":{"rendered":"https:\/\/jairolibreros.com\/?p=4695"},"modified":"2025-09-24T14:04:31","modified_gmt":"2025-09-24T14:04:31","slug":"el-duro-tono-del-presidente-gustavo-petro-contra-donald-trump-en-la-asamblea-general-de-las-naciones-unidas","status":"publish","type":"post","link":"https:\/\/jairolibreros.com\/?p=4695","title":{"rendered":"El duro tono del presidente Gustavo Petro contra Donald Trump en la Asamblea General de las Naciones Unidas"},"content":{"rendered":"<p><span style=\"font-family: tahoma, arial, helvetica, sans-serif; font-size: 14pt;\"><strong>El duro tono del presidente Gustavo Petro contra Donald Trump en la Asamblea General de las Naciones Unidas<\/strong><\/span><\/p>\n<p><span style=\"font-family: tahoma, arial, helvetica, sans-serif; font-size: 14pt;\"><em>Mar\u00eda Alejandra Gonz\u00e1lez \u00b7 El Tiempo \u00b7 24.09.2025<\/em><\/span><\/p>\n<p class=\"p1\" style=\"text-align: center;\"><span style=\"font-family: tahoma, arial, helvetica, sans-serif; font-size: 14pt;\"><strong>El mandatario se refiri\u00f3 a la descertificaci\u00f3n de Colombia en la lucha contra el narcotr\u00e1fico<\/strong><\/span><\/p>\n<p><span style=\"font-family: tahoma, arial, helvetica, sans-serif; font-size: 14pt;\"><strong>\u00bfQu\u00e9 busca con la confrontaci\u00f3n?<\/strong><\/span><\/p>\n<p class=\"p1\"><span style=\"font-family: tahoma, arial, helvetica, sans-serif; font-size: 14pt;\">&#8220;<em>El presidente Gustavo Petro no le habl\u00f3 a sus pares ni a la comunidad internacional. Sus palabras est\u00e1n dirigidas al consumo interno. Al ciclo electoral de 2016, a sus bases petristas y a los votantes eventuales del Pacto Hist\u00f3rico. Descertificado por la Casa Blanca, con el sol a la espalda y sin una agenda viable de pol\u00edtica p\u00fablica el presidente Petro se muestra como un jefe de Estado sin lazos de subordinaci\u00f3n con los EEUU, dispuesto a condicionar la agenda de Naciones Unidas y a defender los intereses de las v\u00edctimas de la guerra, las drogas il\u00edcitas y la exclusi\u00f3n social.<\/em><\/span><\/p>\n<p class=\"p1\"><span style=\"font-family: tahoma, arial, helvetica, sans-serif; font-size: 14pt;\"><em>Los ataques al presidente Trump por su respaldo a Netanyahu y a sus atrocidades en Gaza, los cuestionamientos al despliegue naval norteamericano en el Caribe, las amenazas a la ONU por el manejo impreciso de las cifras sobre drogas il\u00edcitas en Colombia o la creaci\u00f3n de un ej\u00e9rcito internacional para defender a los ciudadanos palestinos son temas de pol\u00edtica internacional del resorte de la Casa Blanca, y de alto impacto medi\u00e1tico nacional, que se traducir\u00e1n en mensajes de campa\u00f1a para fortalecer la viabilidad de las candidaturas progresistas al Congreso y a la Presidencia de la Rep\u00fablica<\/em>&#8220;: <strong>Jairo Libreros<\/strong>.<\/span><\/p>\n<p><span style=\"font-family: tahoma, arial, helvetica, sans-serif; font-size: 14pt;\">El link de El Tiempo:<\/span><\/p>\n<p><span style=\"font-size: 14pt; font-family: tahoma, arial, helvetica, sans-serif;\"><span style=\"text-decoration: underline;\"><a href=\"https:\/\/www.eltiempo.com\/politica\/gobierno\/el-duro-tono-del-presidente-gustavo-petro-contra-donald-trump-en-la-asamblea-general-de-las-naciones-unidas-que-busca-con-la-confrontacion-3493550\">https:\/\/www.eltiempo.com\/politica\/gobierno\/el-duro-tono-del-presidente-gustavo-petro-contra-donald-trump-en-la-asamblea-general-de-las-naciones-unidas-que-busca-con-la-confrontacion-3493550<\/a><\/span>\u00a0<\/span><\/p>\n<p style=\"text-align: right;\"><span style=\"text-decoration: underline; font-family: tahoma, arial, helvetica, sans-serif; font-size: 14pt;\"><a href=\"https:\/\/jairolibreros.com\/\"><strong>Blog de Jairo Libreros<\/strong><\/a><\/span><\/p>\n","protected":false},"excerpt":{"rendered":"<p>El duro tono del presidente Gustavo Petro contra Donald Trump en la Asamblea General de las Naciones Unidas Mar\u00eda Alejandra Gonz\u00e1lez \u00b7 El <\/p>\n","protected":false},"author":1,"featured_media":4534,"comment_status":"open","ping_status":"open","sticky":false,"template":"","format":"standard","meta":{"om_disable_all_campaigns":false,"_monsterinsights_skip_tracking":false,"_monsterinsights_sitenote_active":false,"_monsterinsights_sitenote_note":"","_monsterinsights_sitenote_category":0,"footnotes":""},"categories":[95,1],"tags":[44,54,64],"aioseo_notices":[],"class_list":["post-4695","post","type-post","status-publish","format-standard","has-post-thumbnail","hentry","category-el-tiempo","category-jairo-libreros","tag-elecciones","tag-comunicacion-politica","tag-politica-internacional"],"_links":{"self":[{"href":"https:\/\/jairolibreros.com\/index.php?rest_route=\/wp\/v2\/posts\/4695"}],"collection":[{"href":"https:\/\/jairolibreros.com\/index.php?rest_route=\/wp\/v2\/posts"}],"about":[{"href":"https:\/\/jairolibreros.com\/index.php?rest_route=\/wp\/v2\/types\/post"}],"author":[{"embeddable":true,"href":"https:\/\/jairolibreros.com\/index.php?rest_route=\/wp\/v2\/users\/1"}],"replies":[{"embeddable":true,"href":"https:\/\/jairolibreros.com\/index.php?rest_route=%2Fwp%2Fv2%2Fcomments&post=4695"}],"version-history":[{"count":2,"href":"https:\/\/jairolibreros.com\/index.php?rest_route=\/wp\/v2\/posts\/4695\/revisions"}],"predecessor-version":[{"id":4697,"href":"https:\/\/jairolibreros.com\/index.php?rest_route=\/wp\/v2\/posts\/4695\/revisions\/4697"}],"wp:featuredmedia":[{"embeddable":true,"href":"https:\/\/jairolibreros.com\/index.php?rest_route=\/wp\/v2\/media\/4534"}],"wp:attachment":[{"href":"https:\/\/jairolibreros.com\/index.php?rest_route=%2Fwp%2Fv2%2Fmedia&parent=4695"}],"wp:term":[{"taxonomy":"category","embeddable":true,"href":"https:\/\/jairolibreros.com\/index.php?rest_route=%2Fwp%2Fv2%2Fcategories&post=4695"},{"taxonomy":"post_tag","embeddable":true,"href":"https:\/\/jairolibreros.com\/index.php?rest_route=%2Fwp%2Fv2%2Ftags&post=4695"}],"curies":[{"name":"wp","href":"https:\/\/api.w.org\/{rel}","templated":true}]}}