{"id":4702,"date":"2025-10-02T19:34:53","date_gmt":"2025-10-02T19:34:53","guid":{"rendered":"https:\/\/jairolibreros.com\/?p=4702"},"modified":"2025-10-22T14:17:10","modified_gmt":"2025-10-22T14:17:10","slug":"ataque-a-comunidad-judia-en-reino-unido-deja-tres-personas-muertas","status":"publish","type":"post","link":"https:\/\/jairolibreros.com\/?p=4702","title":{"rendered":"Ataque a comunidad jud\u00eda en Reino Unido deja tres personas muertas"},"content":{"rendered":"<p><span style=\"font-size: 14pt; font-family: tahoma, arial, helvetica, sans-serif;\"><b>Ataque a comunidad jud\u00eda en Reino Unido deja tres personas muertas<\/b><\/span><\/p>\n<p><span style=\"font-size: 14pt; font-family: tahoma, arial, helvetica, sans-serif;\"><i>Caracol Radio 02.10.2025<\/i><\/span><\/p>\n<p class=\"p1\"><span style=\"font-size: 14pt; font-family: tahoma, arial, helvetica, sans-serif;\"><strong><span class=\"s1\">Un hombre atropell\u00f3 a un grupo de jud\u00edos frente a una sinagoga en Manchester, dej\u00f3 dos personas muertas y tres heridas luego de ser dado de baja<\/span><\/strong><\/span><\/p>\n<p class=\"p1\"><span style=\"font-size: 14pt; font-family: tahoma, arial, helvetica, sans-serif;\"><span class=\"s1\">Al respecto, <\/span><span class=\"s2\"><b>Jairo Libreros, analista especializado en pol\u00edtica internacional<\/b><\/span><span class=\"s1\"> asegura que <\/span><span class=\"s2\">este acto se trata de \u201cuna intimidaci\u00f3n directa, presentada como un ataque terrorista y un delito de odio<\/span><span class=\"s1\">que le env\u00eda un mensaje, no s\u00f3lo a la comunidad jud\u00eda en Reino Unido, donde hablamos de unas 300 mil personas y m\u00e1s de 500 sinagogas\u201d.<\/span><\/span><\/p>\n<p class=\"p1\"><span style=\"font-size: 14pt; font-family: tahoma, arial, helvetica, sans-serif;\"><span class=\"s1\">\u201cAlgunos analistas pueden encontrar alg\u00fan tipo de relaci\u00f3n, pero eso es inaceptable\u201d, se\u00f1ala Libreros, quien reconoce, por otra parte, que \u201csin duda, en estos momentos <\/span><span class=\"s2\">nos encontramos en una situaci\u00f3n de unos ataques que infringen el derecho internacional humanitario y <a href=\"https:\/\/caracol.com.co\/2025\/09\/16\/onu-declara-genocidio-en-gaza-mientras-avanza-ofensiva-israeli-en-territorio-palestino\/\">violan los derechos humanos de las comunidades palestinas en Gaza<\/a><\/span><span class=\"s1\">, de eso no nos podemos equivocar\u201d.<\/span><\/span><\/p>\n<p class=\"p1\"><span style=\"font-size: 14pt; font-family: tahoma, arial, helvetica, sans-serif;\"><span class=\"s1\">Sin embargo, califica como <\/span><span class=\"s2\">intolerable e inaceptable<\/span><span class=\"s1\"> establecer un v\u00ednculo \u201cque permita entender que, <\/span><span class=\"s2\">por cuenta de ello, ciertas personas tomen estas decisiones de matar a otros ciudadanos\u201d<\/span><span class=\"s1\">.<\/span><\/span><\/p>\n<p class=\"p1\"><span style=\"font-size: 14pt; font-family: tahoma, arial, helvetica, sans-serif;\"><span class=\"s1\">\u201c<\/span><span class=\"s2\">Hace parte de personas radicalizadas<\/span><span class=\"s1\"> que tratan de tomar en sus propias manos<\/span><span class=\"s2\"> actos de venganza y situaciones que no se pueden presentar<\/span><span class=\"s1\">\u201d, concluye.<\/span><\/span><\/p>\n<p><span style=\"font-size: 14pt; font-family: tahoma, arial, helvetica, sans-serif;\">El link de Caracol Radio:<\/span><\/p>\n<p><span style=\"text-decoration: underline; font-size: 14pt; font-family: tahoma, arial, helvetica, sans-serif;\"><a href=\"https:\/\/caracol.com.co\/2025\/10\/02\/ataque-a-comunidad-judia-en-reino-unido-deja-tres-personas-muertas\/\">https:\/\/caracol.com.co\/2025\/10\/02\/ataque-a-comunidad-judia-en-reino-unido-deja-tres-personas-muertas\/<\/a><\/span><\/p>\n<p style=\"text-align: right;\"><span style=\"text-decoration: underline;\"><a href=\"https:\/\/jairolibreros.com\/\"><strong>Blog de Jairo Libreros<\/strong><\/a><\/span><\/p>\n","protected":false},"excerpt":{"rendered":"<p>Ataque a comunidad jud\u00eda en Reino Unido deja tres personas muertas Caracol Radio 02.10.2025 Un hombre atropell\u00f3 a un grupo de jud\u00edos frente <\/p>\n","protected":false},"author":1,"featured_media":4535,"comment_status":"open","ping_status":"open","sticky":false,"template":"","format":"standard","meta":{"om_disable_all_campaigns":false,"_monsterinsights_skip_tracking":false,"_monsterinsights_sitenote_active":false,"_monsterinsights_sitenote_note":"","_monsterinsights_sitenote_category":0,"footnotes":""},"categories":[94,1],"tags":[98,97,64,39],"aioseo_notices":[],"class_list":["post-4702","post","type-post","status-publish","format-standard","has-post-thumbnail","hentry","category-caracol-radio","category-jairo-libreros","tag-derechos-humanos","tag-inteligencia-estrategica","tag-politica-internacional","tag-seguridad-ciudadana"],"_links":{"self":[{"href":"https:\/\/jairolibreros.com\/index.php?rest_route=\/wp\/v2\/posts\/4702"}],"collection":[{"href":"https:\/\/jairolibreros.com\/index.php?rest_route=\/wp\/v2\/posts"}],"about":[{"href":"https:\/\/jairolibreros.com\/index.php?rest_route=\/wp\/v2\/types\/post"}],"author":[{"embeddable":true,"href":"https:\/\/jairolibreros.com\/index.php?rest_route=\/wp\/v2\/users\/1"}],"replies":[{"embeddable":true,"href":"https:\/\/jairolibreros.com\/index.php?rest_route=%2Fwp%2Fv2%2Fcomments&post=4702"}],"version-history":[{"count":4,"href":"https:\/\/jairolibreros.com\/index.php?rest_route=\/wp\/v2\/posts\/4702\/revisions"}],"predecessor-version":[{"id":4706,"href":"https:\/\/jairolibreros.com\/index.php?rest_route=\/wp\/v2\/posts\/4702\/revisions\/4706"}],"wp:featuredmedia":[{"embeddable":true,"href":"https:\/\/jairolibreros.com\/index.php?rest_route=\/wp\/v2\/media\/4535"}],"wp:attachment":[{"href":"https:\/\/jairolibreros.com\/index.php?rest_route=%2Fwp%2Fv2%2Fmedia&parent=4702"}],"wp:term":[{"taxonomy":"category","embeddable":true,"href":"https:\/\/jairolibreros.com\/index.php?rest_route=%2Fwp%2Fv2%2Fcategories&post=4702"},{"taxonomy":"post_tag","embeddable":true,"href":"https:\/\/jairolibreros.com\/index.php?rest_route=%2Fwp%2Fv2%2Ftags&post=4702"}],"curies":[{"name":"wp","href":"https:\/\/api.w.org\/{rel}","templated":true}]}}