{"id":4707,"date":"2025-10-04T00:34:14","date_gmt":"2025-10-04T00:34:14","guid":{"rendered":"https:\/\/jairolibreros.com\/?p=4707"},"modified":"2025-10-07T02:28:24","modified_gmt":"2025-10-07T02:28:24","slug":"soy-la-voz-de-quienes-rechazamos-la-incompetencia-del-gobierno-del-cambio-para-garantizar-la-implementacion-del-acuerdo-de-paz-del-teatro-colon","status":"publish","type":"post","link":"https:\/\/jairolibreros.com\/?p=4707","title":{"rendered":"Soy la voz de quienes rechazamos la incompetencia del Gobierno del Cambio para garantizar la implementaci\u00f3n del Acuerdo de Paz del Teatro Col\u00f3n"},"content":{"rendered":"<p><span style=\"font-family: tahoma, arial, helvetica, sans-serif; font-size: 14pt;\"><strong>Soy la voz de quienes rechazamos la incompetencia del Gobierno del Cambio para garantizar la implementaci\u00f3n del Acuerdo de Paz del Teatro Col\u00f3n<\/strong><\/span><\/p>\n<p><span style=\"font-family: tahoma, arial, helvetica, sans-serif; font-size: 14pt;\"><i><a class=\"css-4rbku5 css-18t94o4 css-901oao css-16my406 r-1cvl2hr r-1loqt21 r-poiln3 r-bcqeeo r-1ny4l3l r-1ddef8g r-tjvw6i r-qvutc0\" dir=\"ltr\" role=\"link\" href=\"https:\/\/twitter.com\/hashtag\/SoyLaVoz?src=hashtag_click\">#SoyLaVoz<\/a> \u00b7 La Luci\u00e9rnaga \u00b7 Caracol Radio \u00b7 03.10.2025<\/i><\/span><\/p>\n<!--[if lt IE 9]><script>document.createElement('audio');<\/script><![endif]-->\n<audio class=\"wp-audio-shortcode\" id=\"audio-4707-1\" preload=\"none\" style=\"width: 100%;\" controls=\"controls\"><source type=\"audio\/mpeg\" src=\"https:\/\/jairolibreros.com\/wp-content\/uploads\/2025\/10\/AUDIO-2025-10-03-19-29-52.mp3?_=1\" \/><a href=\"https:\/\/jairolibreros.com\/wp-content\/uploads\/2025\/10\/AUDIO-2025-10-03-19-29-52.mp3\">https:\/\/jairolibreros.com\/wp-content\/uploads\/2025\/10\/AUDIO-2025-10-03-19-29-52.mp3<\/a><\/audio>\n<p>&nbsp;<\/p>\n<p><span style=\"font-family: tahoma, arial, helvetica, sans-serif; font-size: 14pt;\"><span class=\"s1\">Hola, les habla <\/span><span class=\"s2\">Jairo Libreros<\/span><span class=\"s1\">, profesor de la Universidad Externado de Colombia, y soy la voz de quienes rechazamos la incompetencia del Gobierno del Cambio para garantizar la implementaci\u00f3n del Acuerdo de Paz del Teatro Col\u00f3n.<\/span><\/span><\/p>\n<p><span class=\"s1\" style=\"font-family: tahoma, arial, helvetica, sans-serif; font-size: 14pt;\">El Acuerdo de Paz no pasa por sus mejores d\u00edas. Las referencias que suscita son pol\u00e9micas e implacables, y hoy Naciones Unidas no se qued\u00f3 atr\u00e1s. Su llamado de atenci\u00f3n es contundente. Exige garant\u00edas de seguridad para las pr\u00f3ximas elecciones y una mayor implementaci\u00f3n de lo acordado. Le dijo al Gobierno del Cambio lo que todos exigimos: priorice en la seguridad ciudadana y ejecute los programas sin dilaciones.<\/span><\/p>\n<p><span class=\"s1\" style=\"font-family: tahoma, arial, helvetica, sans-serif; font-size: 14pt;\">Pero no pasar\u00e1 nada. Disculparan los distinguidos bur\u00f3cratas de la ONU -instituci\u00f3n que tampoco pasa por sus mejores d\u00edas-, pero el timonel de los colombianos solo est\u00e1 interesado en ser un l\u00edder intergal\u00e1ctico, dise\u00f1ar un ejercito de salvaci\u00f3n humanitaria para Gaza y asegurar su sucesi\u00f3n presidencial en un progresista.<\/span><\/p>\n<p><span class=\"s1\" style=\"font-family: tahoma, arial, helvetica, sans-serif; font-size: 14pt;\">En conclusi\u00f3n, el Acuerdo de Paz en el Gobierno del Cambio se convirti\u00f3 en una quimera. Quienes se ilusionaron con su materializaci\u00f3n, de manera especial porque el presidente de la Rep\u00fablica era hijo pol\u00edtico del acuerdo de paz con el M19, se equivocaron. Si fue de buena o mala fe, esa es otra historia\u2026<\/span><\/p>\n<div class=\"twp-article-wrapper clearfix\">\n<p style=\"text-align: right;\"><span style=\"text-decoration: underline; font-family: tahoma, arial, helvetica, sans-serif; font-size: 14pt;\"><strong><a href=\"https:\/\/jairolibreros.com\/\">Blog de Jairo Libreros<\/a><\/strong><\/span><\/p>\n<\/div>\n","protected":false},"excerpt":{"rendered":"<p>Soy la voz de quienes rechazamos la incompetencia del Gobierno del Cambio para garantizar la implementaci\u00f3n del Acuerdo de Paz del Teatro Col\u00f3n <\/p>\n","protected":false},"author":1,"featured_media":428,"comment_status":"open","ping_status":"open","sticky":false,"template":"","format":"standard","meta":{"om_disable_all_campaigns":false,"_monsterinsights_skip_tracking":false,"_monsterinsights_sitenote_active":false,"_monsterinsights_sitenote_note":"","_monsterinsights_sitenote_category":0,"footnotes":""},"categories":[94,1],"tags":[54,39],"aioseo_notices":[],"class_list":["post-4707","post","type-post","status-publish","format-standard","has-post-thumbnail","hentry","category-caracol-radio","category-jairo-libreros","tag-comunicacion-politica","tag-seguridad-ciudadana"],"_links":{"self":[{"href":"https:\/\/jairolibreros.com\/index.php?rest_route=\/wp\/v2\/posts\/4707"}],"collection":[{"href":"https:\/\/jairolibreros.com\/index.php?rest_route=\/wp\/v2\/posts"}],"about":[{"href":"https:\/\/jairolibreros.com\/index.php?rest_route=\/wp\/v2\/types\/post"}],"author":[{"embeddable":true,"href":"https:\/\/jairolibreros.com\/index.php?rest_route=\/wp\/v2\/users\/1"}],"replies":[{"embeddable":true,"href":"https:\/\/jairolibreros.com\/index.php?rest_route=%2Fwp%2Fv2%2Fcomments&post=4707"}],"version-history":[{"count":3,"href":"https:\/\/jairolibreros.com\/index.php?rest_route=\/wp\/v2\/posts\/4707\/revisions"}],"predecessor-version":[{"id":4717,"href":"https:\/\/jairolibreros.com\/index.php?rest_route=\/wp\/v2\/posts\/4707\/revisions\/4717"}],"wp:featuredmedia":[{"embeddable":true,"href":"https:\/\/jairolibreros.com\/index.php?rest_route=\/wp\/v2\/media\/428"}],"wp:attachment":[{"href":"https:\/\/jairolibreros.com\/index.php?rest_route=%2Fwp%2Fv2%2Fmedia&parent=4707"}],"wp:term":[{"taxonomy":"category","embeddable":true,"href":"https:\/\/jairolibreros.com\/index.php?rest_route=%2Fwp%2Fv2%2Fcategories&post=4707"},{"taxonomy":"post_tag","embeddable":true,"href":"https:\/\/jairolibreros.com\/index.php?rest_route=%2Fwp%2Fv2%2Ftags&post=4707"}],"curies":[{"name":"wp","href":"https:\/\/api.w.org\/{rel}","templated":true}]}}