{"id":4711,"date":"2025-10-06T16:29:26","date_gmt":"2025-10-06T16:29:26","guid":{"rendered":"https:\/\/jairolibreros.com\/?p=4711"},"modified":"2025-10-07T22:27:30","modified_gmt":"2025-10-07T22:27:30","slug":"que-esta-pasando-entonces-con-la-inteligencia-militar","status":"publish","type":"post","link":"https:\/\/jairolibreros.com\/?p=4711","title":{"rendered":"\u00bfQu\u00e9 est\u00e1 pasando entonces con la inteligencia militar?"},"content":{"rendered":"<p><span style=\"font-family: tahoma, arial, helvetica, sans-serif; font-size: 14pt;\"><b>\u00bf<span class=\"s1\">Qu\u00e9 est\u00e1 pasando entonces con la inteligencia militar?<\/span><\/b><\/span><\/p>\n<p><span style=\"font-family: tahoma, arial, helvetica, sans-serif; font-size: 14pt;\"><em>Caracol Radio \u00b7 Mar\u00eda Fernanda Latorre \u00b706.10.2025<\/em><\/span><\/p>\n<p class=\"p1\"><span style=\"font-family: tahoma, arial, helvetica, sans-serif; font-size: 14pt;\"><span class=\"s1\">\u201c<i>La inteligencia militar, policial y civil est\u00e1 en crisis. El factor com\u00fan es la incapacidad de anticipaci\u00f3n, es decir, los escenarios operacionales no est\u00e1n dibujando con alg\u00fan margen de certeza las actividades delictivas y terroristas de los estructuras criminales, y sin esa capacidad de predicci\u00f3n, las operaciones del Estado son un saludo a la bandera. <\/i><\/span><span class=\"s1\"><i>Los organismos de inteligencia acusan deficiencias de diversa \u00edndole. Primero, en pie de fuerza, se necesita m\u00e1s talento humano para la inteligencia. Segundo, falta tecnolog\u00eda, y ah\u00ed la cooperaci\u00f3n internacional es relevante, porque hablamos de plataformas de ciberseguridad y ciberdefensa. Tercero, financiaci\u00f3n, la cual no fluye desde el nivel central; los gobiernos territoriales, en medio de sus dificultades fiscales, hacen lo que pueden, pero no es suficiente. Y en cuarto lugar, la confianza es nula entre la inteligencia de la Fuerza P\u00fablica y la inteligencia civil. Y sin confianza no fluye la informaci\u00f3n para tomar las mejores decisiones de seguridad y defensa nacional. <\/i><\/span><span class=\"s1\"><i>En conclusi\u00f3n, la inteligencia militar y policial es una asignatura relegada por el Gobierno Nacional<\/i>\u201d: <b>Jairo Libreros<\/b>.<\/span><\/span><\/p>\n<p><span style=\"font-family: tahoma, arial, helvetica, sans-serif; font-size: 14pt;\">El link de Caracol Radio:<\/span><\/p>\n<p>&nbsp;<\/p>\n<p style=\"text-align: right;\"><span style=\"font-family: tahoma, arial, helvetica, sans-serif; font-size: 14pt;\"><strong><a href=\"https:\/\/jairolibreros.com\/\"><u>Blog de Jairo Libreros<\/u><\/a><\/strong><\/span><\/p>\n","protected":false},"excerpt":{"rendered":"<p>\u00bfQu\u00e9 est\u00e1 pasando entonces con la inteligencia militar? Caracol Radio \u00b7 Mar\u00eda Fernanda Latorre \u00b706.10.2025 \u201cLa inteligencia militar, policial y civil est\u00e1 en <\/p>\n","protected":false},"author":1,"featured_media":4671,"comment_status":"open","ping_status":"open","sticky":false,"template":"","format":"standard","meta":{"om_disable_all_campaigns":false,"_monsterinsights_skip_tracking":false,"_monsterinsights_sitenote_active":false,"_monsterinsights_sitenote_note":"","_monsterinsights_sitenote_category":0,"footnotes":""},"categories":[94,1],"tags":[90,97,39],"aioseo_notices":[],"class_list":["post-4711","post","type-post","status-publish","format-standard","has-post-thumbnail","hentry","category-caracol-radio","category-jairo-libreros","tag-seguridad-y-defensa-nacional","tag-inteligencia-estrategica","tag-seguridad-ciudadana"],"_links":{"self":[{"href":"https:\/\/jairolibreros.com\/index.php?rest_route=\/wp\/v2\/posts\/4711"}],"collection":[{"href":"https:\/\/jairolibreros.com\/index.php?rest_route=\/wp\/v2\/posts"}],"about":[{"href":"https:\/\/jairolibreros.com\/index.php?rest_route=\/wp\/v2\/types\/post"}],"author":[{"embeddable":true,"href":"https:\/\/jairolibreros.com\/index.php?rest_route=\/wp\/v2\/users\/1"}],"replies":[{"embeddable":true,"href":"https:\/\/jairolibreros.com\/index.php?rest_route=%2Fwp%2Fv2%2Fcomments&post=4711"}],"version-history":[{"count":6,"href":"https:\/\/jairolibreros.com\/index.php?rest_route=\/wp\/v2\/posts\/4711\/revisions"}],"predecessor-version":[{"id":4722,"href":"https:\/\/jairolibreros.com\/index.php?rest_route=\/wp\/v2\/posts\/4711\/revisions\/4722"}],"wp:featuredmedia":[{"embeddable":true,"href":"https:\/\/jairolibreros.com\/index.php?rest_route=\/wp\/v2\/media\/4671"}],"wp:attachment":[{"href":"https:\/\/jairolibreros.com\/index.php?rest_route=%2Fwp%2Fv2%2Fmedia&parent=4711"}],"wp:term":[{"taxonomy":"category","embeddable":true,"href":"https:\/\/jairolibreros.com\/index.php?rest_route=%2Fwp%2Fv2%2Fcategories&post=4711"},{"taxonomy":"post_tag","embeddable":true,"href":"https:\/\/jairolibreros.com\/index.php?rest_route=%2Fwp%2Fv2%2Ftags&post=4711"}],"curies":[{"name":"wp","href":"https:\/\/api.w.org\/{rel}","templated":true}]}}